{"id":9229,"date":"2024-06-03T13:59:33","date_gmt":"2024-06-03T11:59:33","guid":{"rendered":"https:\/\/bk.uksw.edu.pl\/?p=9229"},"modified":"2026-02-19T08:53:53","modified_gmt":"2026-02-19T07:53:53","slug":"6-czerwca-wydarzenie-on-line","status":"publish","type":"post","link":"https:\/\/bk.uksw.edu.pl\/6-czerwca-wydarzenie-on-line\/","title":{"rendered":"6 czerwca &#8211; wydarzenie on-line"},"content":{"rendered":"\n<p>Zapraszamy wszystkich student\u00f3w na rozwojowe wydarzenie, kt\u00f3re b\u0119dzie odbywa\u0107 si\u0119 on-line ju\u017c w najbli\u017cszy czwartek 6 czerwca br.<\/p>\n\n\n\n<p>Czekaj\u0105 na Was warsztaty, ciekawe spotkania i prelekcje.<\/p>\n\n\n\n<p>PROGRAM WYDARZENIA<\/p>\n\n\n\n<p><strong>10:00-10:45<\/strong>   <strong>Warsztaty: Elevator Pitch &#8211; 7 tips<\/strong><\/p>\n\n\n\n<p><\/p>\n\n\n\n<p>Podczas warsztat\u00f3w dowiesz si\u0119:<\/p>\n\n\n\n<ul class=\"wp-block-list\">\n<li>Co to jest logline i dlaczego jest kluczowy dla powodzenia elevator pitch? <\/li>\n\n\n\n<li>Jakie 2 czynniki decyduj\u0105 o zrobieniu dobrego pierwszego wra\u017cenia? <\/li>\n\n\n\n<li>Dlaczego jednych kandydat\u00f3w si\u0119 faworyzuje a innych nie? <\/li>\n\n\n\n<li>Co decyduje o tym, \u017ce przyn\u0119ta (decydent) po\u0142yka haczyk? <\/li>\n<\/ul>\n\n\n\n<p>Na zako\u0144czenie warsztat\u00f3w, ka\u017cdy z uczestnik\u00f3w otrzyma przyk\u0142ady prezentacji, kt\u00f3re b\u0119dzie m\u00f3g\u0142 wykorzysta\u0107 jako inspiracj\u0119 do napisania w\u0142asnej, WYGRYWAJ\u0104CEJ! <\/p>\n\n\n\n<p><strong>Warsztaty s\u0105 realizowane w ramach cyklu &#8222;Rozwojowe warsztaty z Biurem Karier&#8221;.<\/strong><\/p>\n\n\n\n<p>Prowadz\u0105ca warsztaty &#8211; <em>Agnieszka Jab\u0142o\u0144ska<\/em> <\/p>\n\n\n\n<p>Doradca zawodowy z Biura Karier UKSW, przedsi\u0119biorca. Od ponad 15 lat wsp\u00f3\u0142pracuje z globalnymi klientami dostarczaj\u0105c im serwis z zakresu rekrutacji, outplacementu oraz szytych na miar\u0119 rozwi\u0105za\u0144 warsztatowych dla menad\u017cer\u00f3w (obszar zarz\u0105dzania sob\u0105 i relacjami z lud\u017ami). Diagnosta psychometryczny, coach biznesowy, trener motywacyjny metody Biegun Marka Kami\u0144skiego. Konsultuje indywidualnie jako coach kryzysowy w warszawskim o\u015brodku Owocne Miejsce w Warszawie.<\/p>\n\n\n\n<p><strong>10:45-11:30<\/strong>   <strong>Prelekcja: Jak si\u0119 odnale\u017a\u0107 po prawie w korporacji prawniczej?<\/strong><\/p>\n\n\n\n<p>Podczas prelekcji om\u00f3wione zostan\u0105 fakty i mity dotycz\u0105ce pracy w korporacji prawniczej, przedstawione tipy, jak mo\u017cna u\u0142atwi\u0107 sobie rekrutacj\u0119, na co warto zwr\u00f3ci\u0107 uwag\u0119 w trakcie studi\u00f3w i jakie umiej\u0119tno\u015bci otwieraj\u0105 drzwi do takiej kariery zawodowej.<\/p>\n\n\n\n<p>Prowadz\u0105ca prelekcj\u0119 &#8211; <em>Karolina Chr\u00f3l<\/em><br>Prawniczka zainteresowana prawem energetycznym, zatrudniona w EY Law, doktorantka na Uniwersytecie Kardyna\u0142a Stefana Wyszy\u0144skiego w Warszawie, aplikantka adwokacka przy ORA w Warszawie.<\/p>\n\n\n\n<p><strong>11:30-12:15<\/strong>   <strong>Prelekcja: Jak rozpocz\u0105\u0107 karier\u0119 prawnicz\u0105 i jak odnale\u017a\u0107 swoje miejsce w prawniczym zgie\u0142ku?<\/strong><\/p>\n\n\n\n<p>Prowadz\u0105ca prelekcj\u0119 &#8211; <em>Adrianna Krzysztofik<\/em><br>Absolwentka Wydzia\u0142u Prawa i Administracji Uniwersytetu Kardyna\u0142a Stefana Wyszy\u0144skiego w Warszawie oraz Uniwersytetu Wroc\u0142awskiego. Prawniczka w kancelarii LAWMORE, zajmuj\u0105cej si\u0119 obs\u0142uga prawn\u0105 prawn\u0105 start-up\u00f3w oraz prawem nowych technologii.<\/p>\n\n\n\n<p><strong>12:15-13:00<\/strong>   <strong>Prelekcja: Scoachuj sam siebie: jak wykorzysta\u0107 narz\u0119dzia coachingowe do budowania swojej kariery?<\/strong><\/p>\n\n\n\n<p>Podczas prelekcji dowiesz si\u0119, czym jest coaching. Nast\u0119pnie odkryjesz, jak narz\u0119dzia coachingowe mog\u0105 pom\u00f3c w budowaniu Twojej kariery zawodowej. Nauczysz si\u0119 jak wykorzysta\u0107 t\u0119 wiedz\u0119 w praktyce.<\/p>\n\n\n\n<p>Prowadz\u0105ca spotkanie: <em>Marta Gasto\u0142<\/em><br>Certyfikowany coach, doktorantka w dyscyplinach nauki prawne i literaturoznawstwo oraz zast\u0119pca sekretarza czasopisma naukowego \u201eLaw \u2022 Education \u2022 Security\u201d.<\/p>\n\n\n\n<p><strong>13:00-13:45<\/strong>   <strong>Warsztaty: Najlepsza wersja siebie, czyli stw\u00f3rz wygrywaj\u0105ce CV<\/strong><\/p>\n\n\n\n<p>Podczas warsztat\u00f3w dowiesz si\u0119:<\/p>\n\n\n\n<ul class=\"wp-block-list\">\n<li>jak pokaza\u0107 rekruterowi swoje talenty w dokumentach aplikacyjnych,<\/li>\n\n\n\n<li>jak mo\u017cna ukry\u0107 luki kompetencyjne, <\/li>\n\n\n\n<li>jak zredagowa\u0107 CV pod k\u0105tem wymarzonego stanowiska, <\/li>\n\n\n\n<li>jak uwydatni\u0107 kluczowe kompetencje,<\/li>\n\n\n\n<li>jakie s\u0105 najcz\u0119\u015bciej pope\u0142niane b\u0142\u0119dy w CV.<\/li>\n<\/ul>\n\n\n\n<p><strong>Warsztaty s\u0105 realizowane w ramach cyklu &#8222;Rozwojowe warsztaty z Biurem Karier&#8221;.<\/strong><\/p>\n\n\n\n<p>Prowadz\u0105ca warsztaty &#8211; <em>Magdalena Sobolewska<\/em><br>Doradca zawodowy z Biura karier UKSW z 13-letnim sta\u017cem pracy z osobami szukaj\u0105cymi swojej \u015bcie\u017cki oraz wchodz\u0105cymi na rynek. W swojej pracy widzia\u0142a tysi\u0105ce CV i wie, na co zwr\u00f3ci\u0107 uwag\u0119 przy tworzeniu dokument\u00f3w aplikacyjnych. Entuzjastka idei, \u017ce w ka\u017cdym z nas drzemi\u0105 super moce, kt\u00f3rym trzeba pozwoli\u0107 wybi\u0107 si\u0119 na \u015bwiat\u0142o dzienne. Jest certyfikowanym trenerem badania r\u00f3l zespo\u0142owych Belbin.<\/p>\n\n\n\n<p>13.45-14.30   <strong>Warsztaty: Od pomys\u0142u do w\u0142asnej firmy \u2013 czyli jak rozwin\u0105\u0107 StartUp?<\/strong><\/p>\n\n\n\n<p>Podczas warsztatu:<\/p>\n\n\n\n<ul class=\"wp-block-list\">\n<li>dowiesz si\u0119 jak postawi\u0107 pierwsze kroki w prowadzeniu w\u0142asnego biznesu,<\/li>\n\n\n\n<li>zdob\u0119dziesz praktyczn\u0105 wiedz\u0119 na temat dost\u0119pnych form wsparcia finansowego,<\/li>\n\n\n\n<li>dowiesz si\u0119 jak\u0105 pomoc oferuj\u0105 instytucje otoczenia biznesu,<\/li>\n\n\n\n<li>dowiesz si\u0119 jak kreowa\u0107 pomys\u0142y biznesowe, odkrywa\u0107 r\u00f3\u017cne \u017ar\u00f3d\u0142a inspiracji oraz techniki tworzenia nowych koncepcji biznesowych,<\/li>\n\n\n\n<li>poznasz wady i zalety, szanse i zagro\u017cenia zwi\u0105zane z r\u00f3\u017cnymi \u015bcie\u017ckami rozwoju projekt\u00f3w. <\/li>\n\n\n\n<li>poznasz praktyczne wskaz\u00f3wki, kt\u00f3re pomog\u0105 przekszta\u0142ci\u0107 marzenia o w\u0142asnym biznesie w rzeczywisto\u015b\u0107.<\/li>\n<\/ul>\n\n\n\n<p>Prowadz\u0105cy warsztaty &#8211;<em> \u0141ukasz Siemieniuk<\/em><br>Manager z wieloletnim do\u015bwiadczeniem w sektorze B2B, dotacji, wej\u015b\u0107 kapita\u0142owych, inwestycji, wsp\u00f3\u0142pracuj\u0105cy zar\u00f3wno z przedsi\u0119biorcami, jak i startupami w zakresie rozwoju, prowadzenia i koordynowania projekt\u00f3w realizowanych zar\u00f3wno w ma\u0142ych, jak i du\u017cych przedsi\u0119biorstwach. Wprowadzi\u0142 na rynek oko\u0142o 200 startup\u00f3w oraz wsp\u00f3\u0142pracowa\u0142 z ponad 500 firmami w ich wczesnych etapach rozwoju.<\/p>\n\n\n\n<p>Wydarzenie b\u0119dzie odbywa\u0107 si\u0119 online za pomoc\u0105 Ms Teams. <br>Link do wydarzenia: <a href=\"https:\/\/l.facebook.com\/l.php?u=https%3A%2F%2Fteams.live.com%2Fmeet%2F9445375324761%3Fp%3DYesMv3qErTe9yRr1B7%26fbclid%3DIwZXh0bgNhZW0CMTAAAR28hxkTU2Tv8AcGaY3dFNOyyzR3_pdfdYfii86bb23fzR3oyN0DbQqPsFM_aem_AcCUnywtD-MnimuaDk_AaGzzK7NcIoa4YFyP5f-A07BJwdKaVES5VQfiCAro6ZAkX1rw39TWkSK9KhC8KUNXwoZy&amp;h=AT0ObaYBZiKpBBhDuLvgEdy7-gCJGN8kebAGTL69X221zhQp0jM21XMGoH58TNjPDVjeLOjr9l2u8g0_sAI-qy95nLrpaBFvQKp8_hlbqEFEMHnIQ6_iwNdakCE-1CIvkdXM&amp;__tn__=q&amp;c[0]=AT1BunEBMP7YvTCPZxL7EjRjX3P0V30HmzTnIMgFXo_J6atbSAKUf3DQdZKXxeOYD-Q2Sv_FgEg7xsonuWS3rLLwkQ9SiFvrNx0oA07SbG62XbPp70hSetoPR0Lfof_eNE2DZ7GrhiUAleJFrOFjrk5l8KtR6VCqduIbduu-yBCM19xvzgZQ\" target=\"_blank\" rel=\"noreferrer noopener\">https:\/\/teams.live.com\/meet\/9445375324761&#8230;<\/a><\/p>\n\n\n\n<p><\/p>\n","protected":false},"excerpt":{"rendered":"<p>Zapraszamy wszystkich student\u00f3w na rozwojowe wydarzenie, kt\u00f3re b\u0119dzie odbywa\u0107 si\u0119 on-line ju\u017c w najbli\u017cszy czwartek 6 czerwca br. Czekaj\u0105 na Was warsztaty, ciekawe spotkania i prelekcje. PROGRAM WYDARZENIA 10:00-10:45 Warsztaty: Elevator Pitch &#8211; 7 tips Podczas warsztat\u00f3w dowiesz si\u0119: Na zako\u0144czenie warsztat\u00f3w, ka\u017cdy z uczestnik\u00f3w otrzyma przyk\u0142ady prezentacji, kt\u00f3re b\u0119dzie m\u00f3g\u0142 wykorzysta\u0107 jako inspiracj\u0119 do [&hellip;]<\/p>\n","protected":false},"author":28,"featured_media":9231,"comment_status":"closed","ping_status":"closed","sticky":false,"template":"","format":"standard","meta":{"_acf_changed":false,"inline_featured_image":false,"footnotes":"","_links_to":"","_links_to_target":""},"categories":[1],"tags":[],"class_list":["post-9229","post","type-post","status-publish","format-standard","has-post-thumbnail","hentry","category-aktualnosci-biura-karier"],"acf":[],"_links":{"self":[{"href":"https:\/\/bk.uksw.edu.pl\/pl\/wp-json\/wp\/v2\/posts\/9229","targetHints":{"allow":["GET"]}}],"collection":[{"href":"https:\/\/bk.uksw.edu.pl\/pl\/wp-json\/wp\/v2\/posts"}],"about":[{"href":"https:\/\/bk.uksw.edu.pl\/pl\/wp-json\/wp\/v2\/types\/post"}],"author":[{"embeddable":true,"href":"https:\/\/bk.uksw.edu.pl\/pl\/wp-json\/wp\/v2\/users\/28"}],"replies":[{"embeddable":true,"href":"https:\/\/bk.uksw.edu.pl\/pl\/wp-json\/wp\/v2\/comments?post=9229"}],"version-history":[{"count":12,"href":"https:\/\/bk.uksw.edu.pl\/pl\/wp-json\/wp\/v2\/posts\/9229\/revisions"}],"predecessor-version":[{"id":11460,"href":"https:\/\/bk.uksw.edu.pl\/pl\/wp-json\/wp\/v2\/posts\/9229\/revisions\/11460"}],"wp:featuredmedia":[{"embeddable":true,"href":"https:\/\/bk.uksw.edu.pl\/pl\/wp-json\/wp\/v2\/media\/9231"}],"wp:attachment":[{"href":"https:\/\/bk.uksw.edu.pl\/pl\/wp-json\/wp\/v2\/media?parent=9229"}],"wp:term":[{"taxonomy":"category","embeddable":true,"href":"https:\/\/bk.uksw.edu.pl\/pl\/wp-json\/wp\/v2\/categories?post=9229"},{"taxonomy":"post_tag","embeddable":true,"href":"https:\/\/bk.uksw.edu.pl\/pl\/wp-json\/wp\/v2\/tags?post=9229"}],"curies":[{"name":"wp","href":"https:\/\/api.w.org\/{rel}","templated":true}]}}