{"id":8728,"date":"2023-11-28T09:15:40","date_gmt":"2023-11-28T08:15:40","guid":{"rendered":"https:\/\/bk.uksw.edu.pl\/?p=8728"},"modified":"2023-11-28T09:21:02","modified_gmt":"2023-11-28T08:21:02","slug":"warsztat-pozegnac-prokrastynacje-praktyczne-wskazowki","status":"publish","type":"post","link":"https:\/\/bk.uksw.edu.pl\/warsztat-pozegnac-prokrastynacje-praktyczne-wskazowki\/","title":{"rendered":"Warsztat &#8222;Po\u017cegna\u0107 prokrastynacj\u0119 &#8211; praktyczne wskaz\u00f3wki&#8221;"},"content":{"rendered":"\n<p>W czwartek 7 grudnia 2023r., Biuro Karier zaprasza na kolejne warsztaty on-line z&nbsp;cyklu \u201eRozwojowych Czwartk\u00f3w z&nbsp;Biurem Karier UKSW\u201d.<\/p>\n\n\n\n<p>Z uwagi na du\u017ce zainteresowanie tematem prokrastynacji poruszanym podczas listopadowych warsztat\u00f3w, postanowili\u015bmy po\u015bwi\u0119ci\u0107 kolejne spotkanie tej tematyce i pog\u0142\u0119bi\u0107 je o praktyczne wskaz\u00f3wki.<\/p>\n\n\n\n<p>Tym razem dla uczestnik\u00f3w przewidziany jest miko\u0142ajkowy prezent, ale o tym\u2026 dopiero na warsztacie.<\/p>\n\n\n\n<p>Dla tych, kt\u00f3rzy nie mogli by\u0107 z nami na pierwszym spotkaniu, a wyra\u017caj\u0105 ch\u0119\u0107 wzi\u0119cia udzia\u0142u w kolejnym mamy \u015bwietn\u0105 wiadomo\u015b\u0107 &#8211; NIE MARTWCIE SI\u0118, bo pierwsza cz\u0119\u015b\u0107 naszego warsztatu to przypomnienie najwa\u017cniejszych tre\u015bci, po czym ruszymy z praktycznym treningiem.<\/p>\n\n\n\n<p>Warsztat b\u0119dzie bogaty w nowe \u0107wiczenia, nowe tipy, praktyczne wskaz\u00f3wki.<\/p>\n\n\n\n<p>Warsztat poprowadzi Agnieszka Jab\u0142o\u0144ska \u2013 doradczyni zawodowa z naszego Biura Karier, coach oraz rekruterka.<\/p>\n\n\n\n<p>Zapisy na\u00a0warsztat przyjmujemy do\u00a006.12.2023r. do\u00a0godziny 13:00 poprzez\u00a0<a href=\"https:\/\/forms.office.com\/pages\/responsepage.aspx?id=MIRXEhvFFkiBY8coEDW5s_giW1HiKAtHgREpJRqmNe9UQlNOSFYzU0xPRk1QNkFESTM2VlM3MkM0Vy4u&amp;fbclid=IwAR2bPoxUBpOAoWMCdQ7XIfX82Ml-Wrc2pzs4ogfCRCg-P0IHQEXdUAldeSA\">FORMULARZ ZG\u0141OSZENIOWY<\/a><\/p>\n\n\n\n<p>Ilo\u015b\u0107 miejsc na&nbsp;warsztatach jest ograniczona<\/p>\n\n\n\n<figure class=\"wp-block-image size-full\"><img loading=\"lazy\" decoding=\"async\" width=\"940\" height=\"788\" src=\"https:\/\/bk.uksw.edu.pl\/wp-content\/uploads\/sites\/17\/2023\/11\/7.12.2023-1.jpg\" alt=\"\" class=\"wp-image-8733\" srcset=\"https:\/\/bk.uksw.edu.pl\/wp-content\/uploads\/sites\/17\/2023\/11\/7.12.2023-1.jpg 940w, https:\/\/bk.uksw.edu.pl\/wp-content\/uploads\/sites\/17\/2023\/11\/7.12.2023-1-300x251.jpg 300w, https:\/\/bk.uksw.edu.pl\/wp-content\/uploads\/sites\/17\/2023\/11\/7.12.2023-1-768x644.jpg 768w\" sizes=\"auto, (max-width: 940px) 100vw, 940px\" \/><\/figure>\n\n\n","protected":false},"excerpt":{"rendered":"<p>W czwartek 7 grudnia 2023r., Biuro Karier zaprasza na kolejne warsztaty on-line z&nbsp;cyklu \u201eRozwojowych Czwartk\u00f3w z&nbsp;Biurem Karier UKSW\u201d. Z uwagi na du\u017ce zainteresowanie tematem prokrastynacji poruszanym podczas listopadowych warsztat\u00f3w, postanowili\u015bmy po\u015bwi\u0119ci\u0107 kolejne spotkanie tej tematyce i pog\u0142\u0119bi\u0107 je o praktyczne wskaz\u00f3wki. Tym razem dla uczestnik\u00f3w przewidziany jest miko\u0142ajkowy prezent, ale o tym\u2026 dopiero na warsztacie. [&hellip;]<\/p>\n","protected":false},"author":28,"featured_media":8534,"comment_status":"closed","ping_status":"open","sticky":false,"template":"","format":"standard","meta":{"_acf_changed":false,"inline_featured_image":false,"footnotes":"","_links_to":"","_links_to_target":""},"categories":[1],"tags":[],"class_list":["post-8728","post","type-post","status-publish","format-standard","has-post-thumbnail","hentry","category-aktualnosci-biura-karier"],"acf":[],"_links":{"self":[{"href":"https:\/\/bk.uksw.edu.pl\/pl\/wp-json\/wp\/v2\/posts\/8728","targetHints":{"allow":["GET"]}}],"collection":[{"href":"https:\/\/bk.uksw.edu.pl\/pl\/wp-json\/wp\/v2\/posts"}],"about":[{"href":"https:\/\/bk.uksw.edu.pl\/pl\/wp-json\/wp\/v2\/types\/post"}],"author":[{"embeddable":true,"href":"https:\/\/bk.uksw.edu.pl\/pl\/wp-json\/wp\/v2\/users\/28"}],"replies":[{"embeddable":true,"href":"https:\/\/bk.uksw.edu.pl\/pl\/wp-json\/wp\/v2\/comments?post=8728"}],"version-history":[{"count":6,"href":"https:\/\/bk.uksw.edu.pl\/pl\/wp-json\/wp\/v2\/posts\/8728\/revisions"}],"predecessor-version":[{"id":8737,"href":"https:\/\/bk.uksw.edu.pl\/pl\/wp-json\/wp\/v2\/posts\/8728\/revisions\/8737"}],"wp:featuredmedia":[{"embeddable":true,"href":"https:\/\/bk.uksw.edu.pl\/pl\/wp-json\/wp\/v2\/media\/8534"}],"wp:attachment":[{"href":"https:\/\/bk.uksw.edu.pl\/pl\/wp-json\/wp\/v2\/media?parent=8728"}],"wp:term":[{"taxonomy":"category","embeddable":true,"href":"https:\/\/bk.uksw.edu.pl\/pl\/wp-json\/wp\/v2\/categories?post=8728"},{"taxonomy":"post_tag","embeddable":true,"href":"https:\/\/bk.uksw.edu.pl\/pl\/wp-json\/wp\/v2\/tags?post=8728"}],"curies":[{"name":"wp","href":"https:\/\/api.w.org\/{rel}","templated":true}]}}