{"id":6468,"date":"2022-05-04T12:04:00","date_gmt":"2022-05-04T10:04:00","guid":{"rendered":"https:\/\/jednostki.uksw.edu.pl\/bk\/?p=6468"},"modified":"2022-11-08T12:04:59","modified_gmt":"2022-11-08T11:04:59","slug":"projekt-asperit-x-procter-gamble","status":"publish","type":"post","link":"https:\/\/bk.uksw.edu.pl\/projekt-asperit-x-procter-gamble\/","title":{"rendered":"Projekt asperIT x Procter &amp; Gamble"},"content":{"rendered":"\n<p>Celem projekt\u00f3w asperIT jest aktywizacja zawodowa os\u00f3b ze spektrum autyzmu. Najbli\u017csza edycja skupia\u00a0 si\u0119 na rozwoju kompetencjach analitycznych, logicznego my\u015blenia i planowania, kt\u00f3re s\u0105 po\u017c\u0105dane w pracy w dzia\u0142ach zarz\u0105dzania zasobami, planowania czy kontroli. Partnerem programu jest firma Procter &amp; Gamble, co oznacza, \u017ce wybrani beneficjenci projektu maj\u0105 szans\u0119 otrzyma\u0107 propozycj\u0119 p\u0142atnego sta\u017cu, a potem zatrudnienia w dzia\u0142ach naszego partnera. Szczeg\u00f3\u0142y projektu znajdziej\u00a0<strong><a href=\"https:\/\/asperit.org\/asperit_pg\/?utm_source=newsletter_bk&amp;utm_medium=link&amp;utm_campaign=biura_karier&amp;utm_id=asperIT_P%26G\">TUTAJ<\/a><\/strong><\/p>\n","protected":false},"excerpt":{"rendered":"<p>Celem projekt\u00f3w asperIT jest aktywizacja zawodowa os\u00f3b ze spektrum autyzmu. Najbli\u017csza edycja skupia\u00a0 si\u0119 na rozwoju kompetencjach analitycznych, logicznego my\u015blenia i planowania, kt\u00f3re s\u0105 po\u017c\u0105dane w pracy w dzia\u0142ach zarz\u0105dzania zasobami, planowania czy kontroli. Partnerem programu jest firma Procter &amp; Gamble, co oznacza, \u017ce wybrani beneficjenci projektu maj\u0105 szans\u0119 otrzyma\u0107 propozycj\u0119 p\u0142atnego sta\u017cu, a potem [&hellip;]<\/p>\n","protected":false},"author":1,"featured_media":0,"comment_status":"open","ping_status":"open","sticky":false,"template":"","format":"standard","meta":{"_acf_changed":false,"inline_featured_image":false,"footnotes":"","_links_to":"","_links_to_target":""},"categories":[1],"tags":[],"class_list":["post-6468","post","type-post","status-publish","format-standard","hentry","category-aktualnosci-biura-karier"],"acf":[],"_links":{"self":[{"href":"https:\/\/bk.uksw.edu.pl\/pl\/wp-json\/wp\/v2\/posts\/6468","targetHints":{"allow":["GET"]}}],"collection":[{"href":"https:\/\/bk.uksw.edu.pl\/pl\/wp-json\/wp\/v2\/posts"}],"about":[{"href":"https:\/\/bk.uksw.edu.pl\/pl\/wp-json\/wp\/v2\/types\/post"}],"author":[{"embeddable":true,"href":"https:\/\/bk.uksw.edu.pl\/pl\/wp-json\/wp\/v2\/users\/1"}],"replies":[{"embeddable":true,"href":"https:\/\/bk.uksw.edu.pl\/pl\/wp-json\/wp\/v2\/comments?post=6468"}],"version-history":[{"count":2,"href":"https:\/\/bk.uksw.edu.pl\/pl\/wp-json\/wp\/v2\/posts\/6468\/revisions"}],"predecessor-version":[{"id":6470,"href":"https:\/\/bk.uksw.edu.pl\/pl\/wp-json\/wp\/v2\/posts\/6468\/revisions\/6470"}],"wp:attachment":[{"href":"https:\/\/bk.uksw.edu.pl\/pl\/wp-json\/wp\/v2\/media?parent=6468"}],"wp:term":[{"taxonomy":"category","embeddable":true,"href":"https:\/\/bk.uksw.edu.pl\/pl\/wp-json\/wp\/v2\/categories?post=6468"},{"taxonomy":"post_tag","embeddable":true,"href":"https:\/\/bk.uksw.edu.pl\/pl\/wp-json\/wp\/v2\/tags?post=6468"}],"curies":[{"name":"wp","href":"https:\/\/api.w.org\/{rel}","templated":true}]}}