{"id":6439,"date":"2022-04-08T11:57:00","date_gmt":"2022-04-08T09:57:00","guid":{"rendered":"https:\/\/jednostki.uksw.edu.pl\/bk\/?p=6439"},"modified":"2022-11-08T11:57:24","modified_gmt":"2022-11-08T10:57:24","slug":"odplatne-staze","status":"publish","type":"post","link":"https:\/\/bk.uksw.edu.pl\/odplatne-staze\/","title":{"rendered":"Odp\u0142atne sta\u017ce"},"content":{"rendered":"\n<p>Zapraszamy student\u00f3w ostatnich lat do aplikowania na p\u0142atne sta\u017ce w najwi\u0119kszych i najbardziej perspektywicznych polskich firmach m.in. Alior Bank, Enea, Pekao SA, PGNiG czy PZU. Blisko 100 miejsc sta\u017cowych czeka na najlepszych.&nbsp; Szczeg\u00f3\u0142y znajduj\u0105 si\u0119 na stronie&nbsp;&nbsp;<strong><a href=\"https:\/\/www.dobrakariera.com\/\">https:\/\/www.dobrakariera.com\/<\/a><\/strong><\/p>\n\n\n\n<p>Program sta\u017cowy \u201eDobra Kariera\u201d \u2013 to program dla m\u0142odych profesjonalist\u00f3w &#8211; student\u00f3w i absolwent\u00f3w (do 30 roku \u017cycia). To priorytetowy projekt Instytutu Staszica, a zarazem inicjatywa bardzo istotna z perspektywy rozwoju gospodarki narodowej i wykorzystywania przez ni\u0105 jednego z kluczowych element\u00f3w, jakim jest ludzki potencja\u0142 intelektualny i zdolno\u015b\u0107 selekcji oraz kszta\u0142cenia profesjonalnej elity.<\/p>\n\n\n\n<p>Program jest obj\u0119ty patronatem Ministerstwa Aktyw\u00f3w Pa\u0144stwowych i sp\u00f3\u0142ki obj\u0119te jego nadzorem, wchodz\u0105 do oferty sta\u017cowej. Oferujemy minimum 2 miesi\u0119czny (w okresie czerwiec-wrzesie\u0144), p\u0142atny (3500 z\u0142 brutto\/mc) sta\u017c po\u0142\u0105czony z mentoringiem. Docelowo, chcemy zatrzyma\u0107 najlepszych na d\u0142u\u017cej :-).<\/p>\n","protected":false},"excerpt":{"rendered":"<p>Zapraszamy student\u00f3w ostatnich lat do aplikowania na p\u0142atne sta\u017ce w najwi\u0119kszych i najbardziej perspektywicznych polskich firmach m.in. Alior Bank, Enea, Pekao SA, PGNiG czy PZU. Blisko 100 miejsc sta\u017cowych czeka na najlepszych.&nbsp; Szczeg\u00f3\u0142y znajduj\u0105 si\u0119 na stronie&nbsp;&nbsp;https:\/\/www.dobrakariera.com\/ Program sta\u017cowy \u201eDobra Kariera\u201d \u2013 to program dla m\u0142odych profesjonalist\u00f3w &#8211; student\u00f3w i absolwent\u00f3w (do 30 roku \u017cycia). [&hellip;]<\/p>\n","protected":false},"author":1,"featured_media":0,"comment_status":"open","ping_status":"open","sticky":false,"template":"","format":"standard","meta":{"_acf_changed":false,"inline_featured_image":false,"footnotes":"","_links_to":"","_links_to_target":""},"categories":[1],"tags":[],"class_list":["post-6439","post","type-post","status-publish","format-standard","hentry","category-aktualnosci-biura-karier"],"acf":[],"_links":{"self":[{"href":"https:\/\/bk.uksw.edu.pl\/pl\/wp-json\/wp\/v2\/posts\/6439","targetHints":{"allow":["GET"]}}],"collection":[{"href":"https:\/\/bk.uksw.edu.pl\/pl\/wp-json\/wp\/v2\/posts"}],"about":[{"href":"https:\/\/bk.uksw.edu.pl\/pl\/wp-json\/wp\/v2\/types\/post"}],"author":[{"embeddable":true,"href":"https:\/\/bk.uksw.edu.pl\/pl\/wp-json\/wp\/v2\/users\/1"}],"replies":[{"embeddable":true,"href":"https:\/\/bk.uksw.edu.pl\/pl\/wp-json\/wp\/v2\/comments?post=6439"}],"version-history":[{"count":2,"href":"https:\/\/bk.uksw.edu.pl\/pl\/wp-json\/wp\/v2\/posts\/6439\/revisions"}],"predecessor-version":[{"id":6441,"href":"https:\/\/bk.uksw.edu.pl\/pl\/wp-json\/wp\/v2\/posts\/6439\/revisions\/6441"}],"wp:attachment":[{"href":"https:\/\/bk.uksw.edu.pl\/pl\/wp-json\/wp\/v2\/media?parent=6439"}],"wp:term":[{"taxonomy":"category","embeddable":true,"href":"https:\/\/bk.uksw.edu.pl\/pl\/wp-json\/wp\/v2\/categories?post=6439"},{"taxonomy":"post_tag","embeddable":true,"href":"https:\/\/bk.uksw.edu.pl\/pl\/wp-json\/wp\/v2\/tags?post=6439"}],"curies":[{"name":"wp","href":"https:\/\/api.w.org\/{rel}","templated":true}]}}