{"id":6318,"date":"2022-03-16T11:20:00","date_gmt":"2022-03-16T10:20:00","guid":{"rendered":"https:\/\/jednostki.uksw.edu.pl\/bk\/?p=6318"},"modified":"2022-11-08T11:21:18","modified_gmt":"2022-11-08T10:21:18","slug":"zf-global-trainee-program","status":"publish","type":"post","link":"https:\/\/bk.uksw.edu.pl\/zf-global-trainee-program\/","title":{"rendered":"ZF Global Trainee Program"},"content":{"rendered":"\n<p>Globalny program sta\u017cowy ZF oferuje r\u00f3\u017cnorodne mo\u017cliwo\u015bci rozwoju w ramach ekscytuj\u0105cych projekt\u00f3w lokalnych i mi\u0119dzynarodowych. Ten 15-miesi\u0119czny program rozpoczyna si\u0119 co roku w lipcu lub pa\u017adzierniku i pozwoli Ci zdoby\u0107 bezcenne do\u015bwiadczenie w wiod\u0105cej na \u015bwiecie grupie technologicznej.&nbsp;<strong><a href=\"https:\/\/www.zf.com\/mobile\/en\/careers\/get_started_with_zf\/students_and_graduates\/trainee_program\/trainee.html\">Szczeg\u00f3\u0142y<\/a><\/strong><\/p>\n\n\n\n<p>Po z\u0142o\u017ceniu aplikacji zostanie wybrany obszar docelowy, na kt\u00f3rym b\u0119dziesz si\u0119 koncentrowa\u0107 przez ca\u0142y okres trwania programu. Wsp\u00f3lnie z dzia\u0142em docelowym zdecydujesz, kt\u00f3re projekty indywidualne najbardziej Ci odpowiadaj\u0105, aby przygotowa\u0107 Ci\u0119 do pracy na okre\u015blonym stanowisku docelowym.<\/p>\n\n\n\n<p>Dzi\u0119ki ci\u0105g\u0142emu mentoringowi Twoje indywidualne potrzeby s\u0105 uwzgl\u0119dniane, co umo\u017cliwia Ci rozw\u00f3j, refleksj\u0119 nad zdobyt\u0105 wiedz\u0105 i zdobycie pewno\u015bci siebie na wybranej \u015bcie\u017cce kariery.<\/p>\n\n\n\n<p>Program ZF Global Trainee sk\u0142ada si\u0119 z kilku element\u00f3w, kt\u00f3re skutecznie ukierunkowuj\u0105 rozw\u00f3j Twojej osobowo\u015bci i umiej\u0119tno\u015bci. Zostanie to osi\u0105gni\u0119te poprzez:<\/p>\n\n\n\n<ul class=\"wp-block-list\">\n<li>Wsp\u00f3lny projekt zespo\u0142owy, w kt\u00f3rym wraz z innymi sta\u017cystami wykonasz wymagaj\u0105ce zadania i zaprezentujesz swoje wyniki Zarz\u0105dowi ZF.<\/li>\n\n\n\n<li>Projekt zagraniczny, podczas kt\u00f3rego zwi\u0119kszysz swoje umiej\u0119tno\u015bci mi\u0119dzykulturowe i zdob\u0119dziesz mi\u0119dzynarodowe do\u015bwiadczenie.<\/li>\n\n\n\n<li>Zadanie na linii produkcyjnej, gdzie b\u0119dziesz my\u015ble\u0107 nieszablonowo, a r\u00f3\u017cne szkolenia poszerz\u0105 Twoj\u0105 wiedz\u0119.<\/li>\n<\/ul>\n\n\n\n<p>Elementy indywidualne i mentoring pozwol\u0105 Ci rozwija\u0107 si\u0119 w spos\u00f3b ukierunkowany i stworz\u0105 podstawy d\u0142ugoterminowego sukcesu w ZF &#8211; bez wzgl\u0119du na to, jak\u0105 \u015bcie\u017ck\u0119 kariery p\u00f3\u017aniej wybierzesz: jako lider zespo\u0142u, ekspert techniczny czy kierownik projektu. \u2013 ten projekt jest skierowany do szerokiego grona os\u00f3b \u2013 nie tylko tych zwi\u0105zanych z IT.<\/p>\n","protected":false},"excerpt":{"rendered":"<p>Globalny program sta\u017cowy ZF oferuje r\u00f3\u017cnorodne mo\u017cliwo\u015bci rozwoju w ramach ekscytuj\u0105cych projekt\u00f3w lokalnych i mi\u0119dzynarodowych. Ten 15-miesi\u0119czny program rozpoczyna si\u0119 co roku w lipcu lub pa\u017adzierniku i pozwoli Ci zdoby\u0107 bezcenne do\u015bwiadczenie w wiod\u0105cej na \u015bwiecie grupie technologicznej.&nbsp;Szczeg\u00f3\u0142y Po z\u0142o\u017ceniu aplikacji zostanie wybrany obszar docelowy, na kt\u00f3rym b\u0119dziesz si\u0119 koncentrowa\u0107 przez ca\u0142y okres trwania programu. [&hellip;]<\/p>\n","protected":false},"author":1,"featured_media":0,"comment_status":"open","ping_status":"open","sticky":false,"template":"","format":"standard","meta":{"_acf_changed":false,"inline_featured_image":false,"footnotes":"","_links_to":"","_links_to_target":""},"categories":[1],"tags":[],"class_list":["post-6318","post","type-post","status-publish","format-standard","hentry","category-aktualnosci-biura-karier"],"acf":[],"_links":{"self":[{"href":"https:\/\/bk.uksw.edu.pl\/pl\/wp-json\/wp\/v2\/posts\/6318","targetHints":{"allow":["GET"]}}],"collection":[{"href":"https:\/\/bk.uksw.edu.pl\/pl\/wp-json\/wp\/v2\/posts"}],"about":[{"href":"https:\/\/bk.uksw.edu.pl\/pl\/wp-json\/wp\/v2\/types\/post"}],"author":[{"embeddable":true,"href":"https:\/\/bk.uksw.edu.pl\/pl\/wp-json\/wp\/v2\/users\/1"}],"replies":[{"embeddable":true,"href":"https:\/\/bk.uksw.edu.pl\/pl\/wp-json\/wp\/v2\/comments?post=6318"}],"version-history":[{"count":2,"href":"https:\/\/bk.uksw.edu.pl\/pl\/wp-json\/wp\/v2\/posts\/6318\/revisions"}],"predecessor-version":[{"id":6320,"href":"https:\/\/bk.uksw.edu.pl\/pl\/wp-json\/wp\/v2\/posts\/6318\/revisions\/6320"}],"wp:attachment":[{"href":"https:\/\/bk.uksw.edu.pl\/pl\/wp-json\/wp\/v2\/media?parent=6318"}],"wp:term":[{"taxonomy":"category","embeddable":true,"href":"https:\/\/bk.uksw.edu.pl\/pl\/wp-json\/wp\/v2\/categories?post=6318"},{"taxonomy":"post_tag","embeddable":true,"href":"https:\/\/bk.uksw.edu.pl\/pl\/wp-json\/wp\/v2\/tags?post=6318"}],"curies":[{"name":"wp","href":"https:\/\/api.w.org\/{rel}","templated":true}]}}