{"id":5515,"date":"2020-09-25T11:43:00","date_gmt":"2020-09-25T09:43:00","guid":{"rendered":"https:\/\/jednostki.uksw.edu.pl\/bk\/?p=5515"},"modified":"2022-11-07T11:43:57","modified_gmt":"2022-11-07T10:43:57","slug":"ii-edycja-programu-rozwoju-kompetencji-dla-studentow-prawa","status":"publish","type":"post","link":"https:\/\/bk.uksw.edu.pl\/ii-edycja-programu-rozwoju-kompetencji-dla-studentow-prawa\/","title":{"rendered":"II Edycja Programu Rozwoju Kompetencji dla student\u00f3w prawa"},"content":{"rendered":"\n<p>Sprawd\u017acie jaki potencja\u0142 tkwi w wolontariacie!<\/p>\n\n\n\n<p>Je\u015bli:<br>1. jeste\u015b studentem lub studentk\u0105 wydzia\u0142u prawa i administracji,<br>2. masz poni\u017cej 29 lat,<br>3. chcesz podnie\u015b\u0107 poziom swoich kompetencji spo\u0142ecznych przydatnych na rynku pracy,<br>to jest projekt dla Ciebie!<\/p>\n\n\n\n<p>80 uczestnikom, kt\u00f3rzy zdecyduj\u0105 si\u0119 na kontynuowanie lub rozpocz\u0119cie wolontariatu w Fundacji i zakwalifikuj\u0105 si\u0119 do programu, zapewnimy&nbsp;<strong>profesjonaln\u0105 diagnoz\u0119 kompetencji spo\u0142ecznych<\/strong>, ciekawe szkolenia oraz opiek\u0119 mentor\u00f3w, a na koniec \u2013 oficjalny certyfikat potwierdzaj\u0105cy uko\u0144czenie programu i poziom kompetencji rozwini\u0119tych dzi\u0119ki niemu.<\/p>\n\n\n\n<p>NA CZYM B\u0118DZIE POLEGA\u0141 PROGRAM?<br>1. Profesjonalnie zdiagnozujemy Wasz potencja\u0142 w 15 kluczowych obszarach kompetencji spo\u0142ecznych<br>2. Okre\u015blimy Wasze mocne strony oraz wska\u017cemy obszary rozwoju<br>3. Zaprosimy Was do udzia\u0142u w dwudniowym warsztacie w marcu 2021 w Warszawie<br>4. Zaproponujemy Wam jedn\u0105 z trzech \u015bcie\u017cek wolontariatu zgodnej z Waszymi predyspozycjami i obszarami zainteresowa\u0144.<br>5. Zaoferujemy Wam wsparcie mentor\u00f3w.<br>6. Na ko\u0144cu ponownie zmierzymy poziom Waszych kompetencji i wystawimy Wam&nbsp;<strong>oficjalny certyfikat<\/strong>.<\/p>\n\n\n\n<p>Wi\u0119cej na temat rekrutacji do Projektuj znajdziesz tutaj:&nbsp;<a href=\"https:\/\/www.facebook.com\/events\/3202151549904287\">https:\/\/www.facebook.com\/events\/3202151549904287<\/a><\/p>\n","protected":false},"excerpt":{"rendered":"<p>Sprawd\u017acie jaki potencja\u0142 tkwi w wolontariacie! Je\u015bli:1. jeste\u015b studentem lub studentk\u0105 wydzia\u0142u prawa i administracji,2. masz poni\u017cej 29 lat,3. chcesz podnie\u015b\u0107 poziom swoich kompetencji spo\u0142ecznych przydatnych na rynku pracy,to jest projekt dla Ciebie! 80 uczestnikom, kt\u00f3rzy zdecyduj\u0105 si\u0119 na kontynuowanie lub rozpocz\u0119cie wolontariatu w Fundacji i zakwalifikuj\u0105 si\u0119 do programu, zapewnimy&nbsp;profesjonaln\u0105 diagnoz\u0119 kompetencji spo\u0142ecznych, ciekawe [&hellip;]<\/p>\n","protected":false},"author":1,"featured_media":0,"comment_status":"open","ping_status":"open","sticky":false,"template":"","format":"standard","meta":{"_acf_changed":false,"inline_featured_image":false,"footnotes":"","_links_to":"","_links_to_target":""},"categories":[1],"tags":[],"class_list":["post-5515","post","type-post","status-publish","format-standard","hentry","category-aktualnosci-biura-karier"],"acf":[],"_links":{"self":[{"href":"https:\/\/bk.uksw.edu.pl\/pl\/wp-json\/wp\/v2\/posts\/5515","targetHints":{"allow":["GET"]}}],"collection":[{"href":"https:\/\/bk.uksw.edu.pl\/pl\/wp-json\/wp\/v2\/posts"}],"about":[{"href":"https:\/\/bk.uksw.edu.pl\/pl\/wp-json\/wp\/v2\/types\/post"}],"author":[{"embeddable":true,"href":"https:\/\/bk.uksw.edu.pl\/pl\/wp-json\/wp\/v2\/users\/1"}],"replies":[{"embeddable":true,"href":"https:\/\/bk.uksw.edu.pl\/pl\/wp-json\/wp\/v2\/comments?post=5515"}],"version-history":[{"count":2,"href":"https:\/\/bk.uksw.edu.pl\/pl\/wp-json\/wp\/v2\/posts\/5515\/revisions"}],"predecessor-version":[{"id":5517,"href":"https:\/\/bk.uksw.edu.pl\/pl\/wp-json\/wp\/v2\/posts\/5515\/revisions\/5517"}],"wp:attachment":[{"href":"https:\/\/bk.uksw.edu.pl\/pl\/wp-json\/wp\/v2\/media?parent=5515"}],"wp:term":[{"taxonomy":"category","embeddable":true,"href":"https:\/\/bk.uksw.edu.pl\/pl\/wp-json\/wp\/v2\/categories?post=5515"},{"taxonomy":"post_tag","embeddable":true,"href":"https:\/\/bk.uksw.edu.pl\/pl\/wp-json\/wp\/v2\/tags?post=5515"}],"curies":[{"name":"wp","href":"https:\/\/api.w.org\/{rel}","templated":true}]}}