{"id":5482,"date":"2020-09-04T11:33:00","date_gmt":"2020-09-04T09:33:00","guid":{"rendered":"https:\/\/jednostki.uksw.edu.pl\/bk\/?p=5482"},"modified":"2022-11-07T11:33:48","modified_gmt":"2022-11-07T10:33:48","slug":"stanowisko-dla-absolwentow-prawa-w-kancelarii-prezesa-rady-ministrow-w-warszawie","status":"publish","type":"post","link":"https:\/\/bk.uksw.edu.pl\/stanowisko-dla-absolwentow-prawa-w-kancelarii-prezesa-rady-ministrow-w-warszawie\/","title":{"rendered":"Stanowisko dla absolwent\u00f3w prawa w Kancelarii Prezesa Rady Ministr\u00f3w w Warszawie"},"content":{"rendered":"\n<p>Dyrektor Generalny poszukuje kandydat\u00f3w\/kandydatek na stanowisko specjalista do spraw: og\u00f3lnych prawa UE w Wydziale do Spraw Og\u00f3lnych i Koordynacyjnych w Departamencie Prawa Unii Europejskiej.<\/p>\n\n\n\n<h3 class=\"wp-block-heading\"><strong>WYMAGANIA NIEZB\u0118DNE<\/strong><\/h3>\n\n\n\n<ul class=\"wp-block-list\">\n<li>Wykszta\u0142cenie: wy\u017csze prawnicze<\/li>\n\n\n\n<li>Znajomo\u015b\u0107 j\u0119zyka angielskiego na poziomie B2 lub wy\u017cszym.<\/li>\n\n\n\n<li>Posiadanie wiedzy w zakresie prawa Unii Europejskiej i funkcjonowania instytucji UE.<\/li>\n\n\n\n<li>Kompetencje: komunikacja, my\u015blenie analityczne.<\/li>\n\n\n\n<li>Posiadanie obywatelstwa polskiego<\/li>\n\n\n\n<li>Korzystanie z pe\u0142ni praw publicznych<\/li>\n\n\n\n<li>Nieskazanie prawomocnym wyrokiem za umy\u015blne przest\u0119pstwo lub umy\u015blne przest\u0119pstwo skarbowe<\/li>\n<\/ul>\n\n\n\n<h3 class=\"wp-block-heading\"><strong>ZAKRES ZADA\u0143<\/strong><\/h3>\n\n\n\n<ul class=\"wp-block-list\">\n<li>Analiza por\u00f3wnawcza przepis\u00f3w krajowych i unijnych.<\/li>\n\n\n\n<li>Przegl\u0105d i analiza orzecznictwa oraz pism procesowych wp\u0142ywaj\u0105cych do Departamentu w zwi\u0105zku z prowadzonymi post\u0119powaniami przed Trybuna\u0142em Sprawiedliwo\u015bci UE i Trybuna\u0142em EFTA, przygotowywanie projekt\u00f3w pism procesowych i wyst\u0105pie\u0144 przed s\u0105dami oraz udzia\u0142 w rozprawach.<\/li>\n\n\n\n<li>Udzia\u0142 w spotkaniach, konferencjach uzgodnieniowych i komisjach prawniczych, przygotowanie sprawozda\u0144 z ich przebiegu oraz udzielanie informacji w zakresie obowi\u0105zuj\u0105cych przepis\u00f3w prawa UE i sporz\u0105dzanie analiz zgodno\u015bci projektu z prawem UE.<\/li>\n\n\n\n<li>Pozyskiwanie informacji o przebiegu prac legislacyjnych przez kontakty z przedstawicielami innych urz\u0119d\u00f3w w ramach koordynowania terminowo\u015bci implementacji prawa UE do krajowego porz\u0105dku prawnego.<\/li>\n\n\n\n<li>Zbieranie informacji i danych na potrzeby ekspertyz prawnych w zakresie prawa UE.<\/li>\n\n\n\n<li>Sporz\u0105dzenie cyklicznych dokument\u00f3w o charakterze sprawozdawczym, dotycz\u0105cych zada\u0144 koordynacyjnych departamentu wzgl\u0119dem innych ministerstw i urz\u0119d\u00f3w centralnych.<\/li>\n\n\n\n<li>Obs\u0142uga bazy e-step oraz bazy notyfikacji krajowych \u015brodk\u00f3w wykonawczych.<\/li>\n<\/ul>\n\n\n\n<p><strong>Pe\u0142na oferta oraz forma aplikacji:&nbsp;<a href=\"https:\/\/nabory.kprm.gov.pl\/mazowieckie\/warszawa\/specjalista,68110\">https:\/\/nabory.kprm.gov.pl\/mazowieckie\/warszawa\/specjalista,68110<\/a><\/strong><\/p>\n","protected":false},"excerpt":{"rendered":"<p>Dyrektor Generalny poszukuje kandydat\u00f3w\/kandydatek na stanowisko specjalista do spraw: og\u00f3lnych prawa UE w Wydziale do Spraw Og\u00f3lnych i Koordynacyjnych w Departamencie Prawa Unii Europejskiej. WYMAGANIA NIEZB\u0118DNE ZAKRES ZADA\u0143 Pe\u0142na oferta oraz forma aplikacji:&nbsp;https:\/\/nabory.kprm.gov.pl\/mazowieckie\/warszawa\/specjalista,68110<\/p>\n","protected":false},"author":1,"featured_media":0,"comment_status":"open","ping_status":"open","sticky":false,"template":"","format":"standard","meta":{"_acf_changed":false,"inline_featured_image":false,"footnotes":"","_links_to":"","_links_to_target":""},"categories":[1],"tags":[],"class_list":["post-5482","post","type-post","status-publish","format-standard","hentry","category-aktualnosci-biura-karier"],"acf":[],"_links":{"self":[{"href":"https:\/\/bk.uksw.edu.pl\/pl\/wp-json\/wp\/v2\/posts\/5482","targetHints":{"allow":["GET"]}}],"collection":[{"href":"https:\/\/bk.uksw.edu.pl\/pl\/wp-json\/wp\/v2\/posts"}],"about":[{"href":"https:\/\/bk.uksw.edu.pl\/pl\/wp-json\/wp\/v2\/types\/post"}],"author":[{"embeddable":true,"href":"https:\/\/bk.uksw.edu.pl\/pl\/wp-json\/wp\/v2\/users\/1"}],"replies":[{"embeddable":true,"href":"https:\/\/bk.uksw.edu.pl\/pl\/wp-json\/wp\/v2\/comments?post=5482"}],"version-history":[{"count":2,"href":"https:\/\/bk.uksw.edu.pl\/pl\/wp-json\/wp\/v2\/posts\/5482\/revisions"}],"predecessor-version":[{"id":5484,"href":"https:\/\/bk.uksw.edu.pl\/pl\/wp-json\/wp\/v2\/posts\/5482\/revisions\/5484"}],"wp:attachment":[{"href":"https:\/\/bk.uksw.edu.pl\/pl\/wp-json\/wp\/v2\/media?parent=5482"}],"wp:term":[{"taxonomy":"category","embeddable":true,"href":"https:\/\/bk.uksw.edu.pl\/pl\/wp-json\/wp\/v2\/categories?post=5482"},{"taxonomy":"post_tag","embeddable":true,"href":"https:\/\/bk.uksw.edu.pl\/pl\/wp-json\/wp\/v2\/tags?post=5482"}],"curies":[{"name":"wp","href":"https:\/\/api.w.org\/{rel}","templated":true}]}}