{"id":5377,"date":"2020-06-10T10:50:00","date_gmt":"2020-06-10T08:50:00","guid":{"rendered":"https:\/\/jednostki.uksw.edu.pl\/bk\/?p=5377"},"modified":"2022-11-07T10:51:24","modified_gmt":"2022-11-07T09:51:24","slug":"abw-oferta-praktyk-dla-studentow-wpia","status":"publish","type":"post","link":"https:\/\/bk.uksw.edu.pl\/abw-oferta-praktyk-dla-studentow-wpia\/","title":{"rendered":"ABW &#8211; oferta praktyk dla student\u00f3w WPiA"},"content":{"rendered":"\n<div class=\"wp-block-columns\">\n<div class=\"wp-block-column\" style=\"flex-basis:33.33%\">\n<figure class=\"wp-block-image size-full\"><img loading=\"lazy\" decoding=\"async\" width=\"235\" height=\"272\" src=\"https:\/\/bk.uksw.edu.pl\/wp-content\/uploads\/sites\/17\/2020\/06\/ABW-logo.jpg\" alt=\"\" class=\"wp-image-5379\"\/><\/figure>\n<\/div>\n\n\n\n<div class=\"wp-block-column\" style=\"flex-basis:66.66%\">\n<p><strong>Agencja Bezpiecze\u0144stwa Wewn\u0119trznego<\/strong>\u00a0oferuje mo\u017cliwo\u015b\u0107 odbycia<strong>\u00a0bezp\u0142atnych, 4-tygodniowych, praktyk studenckich we wrze\u015bniu 2020 roku, w Warszawie<\/strong>. Praktyki przeznaczone s\u0105 dla student\u00f3w Wydzia\u0142u Prawa i Administracji Uniwersytetu Kardyna\u0142a Stefana Wyszy\u0144skiego w Warszawie, kt\u00f3rzy przed rozpocz\u0119ciem praktyk b\u0119d\u0105 mieli zaliczone co najmniej 3 semestry.<\/p>\n<\/div>\n<\/div>\n\n\n\n<p>Preferowane specjalizacje to:<br>&#8211; prawo administracyjne materialne i procesowe,<br>&#8211; prawo konstytucyjne,<br>&#8211; prawo zam\u00f3wie\u0144 publicznych,<br>&#8211; prawo mi\u0119dzynarodowe,<br>&#8211; ewentualnie prawo cywilne materialne lub procesowe.<\/p>\n\n\n\n<p><br>W czasie praktyk studenci b\u0119d\u0105 w szczeg\u00f3lno\u015bci bra\u0107 udzia\u0142 w pracach zwi\u0105zanych z:<br>&#8211; procesem legislacyjnym akt\u00f3w normatywnych lub wewn\u0119trznych akt\u00f3w prawnych Szefa ABW,<br>&#8211; wsp\u00f3\u0142prac\u0105 mi\u0119dzynarodow\u0105,<br>&#8211; formu\u0142owaniem stanowisk prawnych i wsp\u00f3\u0142prac\u0119 przy sporz\u0105dzaniu opinii prawnych,<br>&nbsp;&#8211; a tak\u017ce w przygotowywaniu projekt\u00f3w stanowisk w sprawach administracyjnych.<\/p>\n\n\n\n<p><br>Warunki i procedura aplikacyjna zosta\u0142y opisane w regulaminie praktyk<\/p>\n\n\n\n<p><a href=\"https:\/\/bk.uksw.edu.pl\/sites\/default\/files\/Regulamin%20praktyk%20studenckich%20w%20ABW.pdf\"><strong>REGULAMIN PRAKTYK<\/strong><\/a><\/p>\n\n\n\n<p><a href=\"https:\/\/bk.uksw.edu.pl\/sites\/default\/files\/Praktyki%20ABW%20formularz.docx\"><strong>FORMULARZ APLIKACYJNY<\/strong><\/a><\/p>\n\n\n\n<p><br>Ilo\u015b\u0107 miejsc ograniczona. Agencja zastrzega sobie prawo odpowiedzi jedynie na wybrane zg\u0142oszenia.<\/p>\n\n\n\n<p><br>W zwi\u0105zku z aktualn\u0105 sytuacj\u0105 epidemiczn\u0105 Agencja dopuszcza przyj\u0119cie dokument\u00f3w bez za\u0142\u0105cznika &#8222;ZGODA DZIEKANA NA ODBYCIE PRAKTYKI STUDENCKIEJ W AGENCJI BEZPIECZE\u0143STWA WEWN\u0118TRZNEGO&#8221;&nbsp; oraz&nbsp; przes\u0142anie wniosku w postaci pdf lub skanu na adres:&nbsp;<a href=\"mailto:kr.bk@abw.gov.pl\">kr.bk@abw.gov.pl<\/a><br>z dopiskiem w temacie maila: PRAKTYKI.<\/p>\n\n\n\n<p>Zg\u0142oszenia przyjmowane b\u0119d\u0105 do 30.06.2020 r.<\/p>\n","protected":false},"excerpt":{"rendered":"<p>Agencja Bezpiecze\u0144stwa Wewn\u0119trznego\u00a0oferuje mo\u017cliwo\u015b\u0107 odbycia\u00a0bezp\u0142atnych, 4-tygodniowych, praktyk studenckich we wrze\u015bniu 2020 roku, w Warszawie. Praktyki przeznaczone s\u0105 dla student\u00f3w Wydzia\u0142u Prawa i Administracji Uniwersytetu Kardyna\u0142a Stefana Wyszy\u0144skiego w Warszawie, kt\u00f3rzy przed rozpocz\u0119ciem praktyk b\u0119d\u0105 mieli zaliczone co najmniej 3 semestry. Preferowane specjalizacje to:&#8211; prawo administracyjne materialne i procesowe,&#8211; prawo konstytucyjne,&#8211; prawo zam\u00f3wie\u0144 publicznych,&#8211; prawo mi\u0119dzynarodowe,&#8211; [&hellip;]<\/p>\n","protected":false},"author":1,"featured_media":0,"comment_status":"open","ping_status":"open","sticky":false,"template":"","format":"standard","meta":{"_acf_changed":false,"inline_featured_image":false,"footnotes":"","_links_to":"","_links_to_target":""},"categories":[1],"tags":[],"class_list":["post-5377","post","type-post","status-publish","format-standard","hentry","category-aktualnosci-biura-karier"],"acf":[],"_links":{"self":[{"href":"https:\/\/bk.uksw.edu.pl\/pl\/wp-json\/wp\/v2\/posts\/5377","targetHints":{"allow":["GET"]}}],"collection":[{"href":"https:\/\/bk.uksw.edu.pl\/pl\/wp-json\/wp\/v2\/posts"}],"about":[{"href":"https:\/\/bk.uksw.edu.pl\/pl\/wp-json\/wp\/v2\/types\/post"}],"author":[{"embeddable":true,"href":"https:\/\/bk.uksw.edu.pl\/pl\/wp-json\/wp\/v2\/users\/1"}],"replies":[{"embeddable":true,"href":"https:\/\/bk.uksw.edu.pl\/pl\/wp-json\/wp\/v2\/comments?post=5377"}],"version-history":[{"count":3,"href":"https:\/\/bk.uksw.edu.pl\/pl\/wp-json\/wp\/v2\/posts\/5377\/revisions"}],"predecessor-version":[{"id":5382,"href":"https:\/\/bk.uksw.edu.pl\/pl\/wp-json\/wp\/v2\/posts\/5377\/revisions\/5382"}],"wp:attachment":[{"href":"https:\/\/bk.uksw.edu.pl\/pl\/wp-json\/wp\/v2\/media?parent=5377"}],"wp:term":[{"taxonomy":"category","embeddable":true,"href":"https:\/\/bk.uksw.edu.pl\/pl\/wp-json\/wp\/v2\/categories?post=5377"},{"taxonomy":"post_tag","embeddable":true,"href":"https:\/\/bk.uksw.edu.pl\/pl\/wp-json\/wp\/v2\/tags?post=5377"}],"curies":[{"name":"wp","href":"https:\/\/api.w.org\/{rel}","templated":true}]}}