{"id":4369,"date":"2021-05-06T11:44:00","date_gmt":"2021-05-06T09:44:00","guid":{"rendered":"https:\/\/jednostki.uksw.edu.pl\/bk\/?p=4369"},"modified":"2022-11-01T11:44:59","modified_gmt":"2022-11-01T10:44:59","slug":"wakacyjne-platne-praktyki-dla-studentow-prawa","status":"publish","type":"post","link":"https:\/\/bk.uksw.edu.pl\/wakacyjne-platne-praktyki-dla-studentow-prawa\/","title":{"rendered":"Wakacyjne p\u0142atne praktyki dla student\u00f3w prawa"},"content":{"rendered":"\n<p>Kancelaria Radzikowski, Szubielska iWsp\u00f3lnicy, od ponad 30 lat \u015bwiadcz\u0105ca us\u0142ugi prawne dla klient\u00f3w polskich<\/p>\n\n\n\n<p>i mi\u0119dzynarodowych, specjalizuj\u0105ca si\u0119 w zakresie prawa sp\u00f3\u0142ek, fuzji i przej\u0119\u0107, podatk\u00f3w, energetyki,<\/p>\n\n\n\n<p>nieruchomo\u015bci, rozwi\u0105zywania spraw spornych oraz bankowo\u015bci i finans\u00f3w, zaprasza student\u00f3w i studentki<\/p>\n\n\n\n<p>IV i V roku prawa na miesi\u0119czne p\u0142atne praktyki w lipcu i sierpniu 2021 roku.&nbsp;<a href=\"https:\/\/rslegal.pl\/aktualnosci\/zapraszamy-studentow-i-studentki-iv-i-v-roku-prawa-na-miesieczne-platne-praktyki-w-lipcu-i-sierpniu-2021-r\/\">Szczeg\u00f3\u0142y<\/a><\/p>\n","protected":false},"excerpt":{"rendered":"<p>Kancelaria Radzikowski, Szubielska iWsp\u00f3lnicy, od ponad 30 lat \u015bwiadcz\u0105ca us\u0142ugi prawne dla klient\u00f3w polskich i mi\u0119dzynarodowych, specjalizuj\u0105ca si\u0119 w zakresie prawa sp\u00f3\u0142ek, fuzji i przej\u0119\u0107, podatk\u00f3w, energetyki, nieruchomo\u015bci, rozwi\u0105zywania spraw spornych oraz bankowo\u015bci i finans\u00f3w, zaprasza student\u00f3w i studentki IV i V roku prawa na miesi\u0119czne p\u0142atne praktyki w lipcu i sierpniu 2021 roku.&nbsp;Szczeg\u00f3\u0142y<\/p>\n","protected":false},"author":1,"featured_media":0,"comment_status":"open","ping_status":"open","sticky":false,"template":"","format":"standard","meta":{"_acf_changed":false,"inline_featured_image":false,"footnotes":"","_links_to":"","_links_to_target":""},"categories":[1],"tags":[],"class_list":["post-4369","post","type-post","status-publish","format-standard","hentry","category-aktualnosci-biura-karier"],"acf":[],"_links":{"self":[{"href":"https:\/\/bk.uksw.edu.pl\/pl\/wp-json\/wp\/v2\/posts\/4369","targetHints":{"allow":["GET"]}}],"collection":[{"href":"https:\/\/bk.uksw.edu.pl\/pl\/wp-json\/wp\/v2\/posts"}],"about":[{"href":"https:\/\/bk.uksw.edu.pl\/pl\/wp-json\/wp\/v2\/types\/post"}],"author":[{"embeddable":true,"href":"https:\/\/bk.uksw.edu.pl\/pl\/wp-json\/wp\/v2\/users\/1"}],"replies":[{"embeddable":true,"href":"https:\/\/bk.uksw.edu.pl\/pl\/wp-json\/wp\/v2\/comments?post=4369"}],"version-history":[{"count":1,"href":"https:\/\/bk.uksw.edu.pl\/pl\/wp-json\/wp\/v2\/posts\/4369\/revisions"}],"predecessor-version":[{"id":4370,"href":"https:\/\/bk.uksw.edu.pl\/pl\/wp-json\/wp\/v2\/posts\/4369\/revisions\/4370"}],"wp:attachment":[{"href":"https:\/\/bk.uksw.edu.pl\/pl\/wp-json\/wp\/v2\/media?parent=4369"}],"wp:term":[{"taxonomy":"category","embeddable":true,"href":"https:\/\/bk.uksw.edu.pl\/pl\/wp-json\/wp\/v2\/categories?post=4369"},{"taxonomy":"post_tag","embeddable":true,"href":"https:\/\/bk.uksw.edu.pl\/pl\/wp-json\/wp\/v2\/tags?post=4369"}],"curies":[{"name":"wp","href":"https:\/\/api.w.org\/{rel}","templated":true}]}}