{"id":4168,"date":"2021-03-04T10:04:00","date_gmt":"2021-03-04T09:04:00","guid":{"rendered":"https:\/\/jednostki.uksw.edu.pl\/bk\/?p=4168"},"modified":"2022-11-01T10:05:22","modified_gmt":"2022-11-01T09:05:22","slug":"aiesec-rekrutuje","status":"publish","type":"post","link":"https:\/\/bk.uksw.edu.pl\/aiesec-rekrutuje\/","title":{"rendered":"AIESEC rekrutuje!"},"content":{"rendered":"\n<p>Jeste\u015bmy najwi\u0119ksz\u0105 mi\u0119dzynarodow\u0105 organizacj\u0105 studenck\u0105, dzia\u0142aj\u0105c\u0105 w ponad 120 krajach na ca\u0142ym \u015bwiecie. Nasz\u0105 misj\u0105 jest zmieni\u0107 \u015bwiat na lepsze, staraj\u0105c si\u0119 realizowa\u0107 cele zr\u00f3wnowa\u017conego rozwoju.<\/p>\n\n\n\n<p>Zajmujemy si\u0119 organizacj\u0105 wolontariat\u00f3w, sta\u017cy oraz praktyk mi\u0119dzynarodowych, kt\u00f3re si\u0119 odbywaj\u0105 w multikulturowym \u015brodowisku, a poprzez kontakt z dzia\u0142aczami komitet\u00f3w z ca\u0142ego \u015bwiata, wsp\u00f3lnie si\u0119 rozwijamy i promujemy ide\u0119 pokoju i wsp\u00f3\u0142pracy mi\u0119dzynarodowej.<\/p>\n\n\n\n<p>Dzi\u0119ki do\u0142\u0105czeniu do naszej organizacji nauczysz si\u0119 wsp\u00f3\u0142pracy w mi\u0119dzykulturowym \u015brodowisku, poszerzysz swoje kompetencje mi\u0119kkie oraz zdolno\u015bci do nawi\u0105zywania kontakt\u00f3w.<\/p>\n\n\n\n<p>ZAPRASZAMY DO DO\u0141\u0104CZENIA! Wsp\u00f3lnie mo\u017cemy wi\u0119cej!&nbsp;<\/p>\n\n\n\n<p>aiesec.pl\/rekrutacja<\/p>\n","protected":false},"excerpt":{"rendered":"<p>Jeste\u015bmy najwi\u0119ksz\u0105 mi\u0119dzynarodow\u0105 organizacj\u0105 studenck\u0105, dzia\u0142aj\u0105c\u0105 w ponad 120 krajach na ca\u0142ym \u015bwiecie. Nasz\u0105 misj\u0105 jest zmieni\u0107 \u015bwiat na lepsze, staraj\u0105c si\u0119 realizowa\u0107 cele zr\u00f3wnowa\u017conego rozwoju. Zajmujemy si\u0119 organizacj\u0105 wolontariat\u00f3w, sta\u017cy oraz praktyk mi\u0119dzynarodowych, kt\u00f3re si\u0119 odbywaj\u0105 w multikulturowym \u015brodowisku, a poprzez kontakt z dzia\u0142aczami komitet\u00f3w z ca\u0142ego \u015bwiata, wsp\u00f3lnie si\u0119 rozwijamy i promujemy ide\u0119 [&hellip;]<\/p>\n","protected":false},"author":1,"featured_media":0,"comment_status":"open","ping_status":"open","sticky":false,"template":"","format":"standard","meta":{"_acf_changed":false,"inline_featured_image":false,"footnotes":"","_links_to":"","_links_to_target":""},"categories":[1],"tags":[],"class_list":["post-4168","post","type-post","status-publish","format-standard","hentry","category-aktualnosci-biura-karier"],"acf":[],"_links":{"self":[{"href":"https:\/\/bk.uksw.edu.pl\/pl\/wp-json\/wp\/v2\/posts\/4168","targetHints":{"allow":["GET"]}}],"collection":[{"href":"https:\/\/bk.uksw.edu.pl\/pl\/wp-json\/wp\/v2\/posts"}],"about":[{"href":"https:\/\/bk.uksw.edu.pl\/pl\/wp-json\/wp\/v2\/types\/post"}],"author":[{"embeddable":true,"href":"https:\/\/bk.uksw.edu.pl\/pl\/wp-json\/wp\/v2\/users\/1"}],"replies":[{"embeddable":true,"href":"https:\/\/bk.uksw.edu.pl\/pl\/wp-json\/wp\/v2\/comments?post=4168"}],"version-history":[{"count":1,"href":"https:\/\/bk.uksw.edu.pl\/pl\/wp-json\/wp\/v2\/posts\/4168\/revisions"}],"predecessor-version":[{"id":4169,"href":"https:\/\/bk.uksw.edu.pl\/pl\/wp-json\/wp\/v2\/posts\/4168\/revisions\/4169"}],"wp:attachment":[{"href":"https:\/\/bk.uksw.edu.pl\/pl\/wp-json\/wp\/v2\/media?parent=4168"}],"wp:term":[{"taxonomy":"category","embeddable":true,"href":"https:\/\/bk.uksw.edu.pl\/pl\/wp-json\/wp\/v2\/categories?post=4168"},{"taxonomy":"post_tag","embeddable":true,"href":"https:\/\/bk.uksw.edu.pl\/pl\/wp-json\/wp\/v2\/tags?post=4168"}],"curies":[{"name":"wp","href":"https:\/\/api.w.org\/{rel}","templated":true}]}}