{"id":11672,"date":"2026-04-23T07:50:43","date_gmt":"2026-04-23T05:50:43","guid":{"rendered":"https:\/\/bk.uksw.edu.pl\/?p=11672"},"modified":"2026-04-23T07:50:44","modified_gmt":"2026-04-23T05:50:44","slug":"staze-w-ministerstwie-cyfryzacji","status":"publish","type":"post","link":"https:\/\/bk.uksw.edu.pl\/staze-w-ministerstwie-cyfryzacji\/","title":{"rendered":"Sta\u017ce w Ministerstwie Cyfryzacji\u00a0"},"content":{"rendered":"\n<p>Ministerstwo Cyfryzacji organizuje trzeci\u0105 edycj\u0119 programu sta\u017cowego \u201e<strong>MCsta\u017ce\u201d<\/strong>, skierowanego do student\u00f3w, absolwent\u00f3w oraz doktorant\u00f3w, kt\u00f3rzy nie uko\u0144czyli 30. roku \u017cycia.<\/p>\n\n\n\n<p>Celem programu jest umo\u017cliwienie m\u0142odym osobom zdobycia praktycznego do\u015bwiadczenia zawodowego w administracji publicznej oraz mi\u0119dzy innymi przy projektach zwi\u0105zanych z cyfryzacj\u0105 pa\u0144stwa, w tym w obszarach takich jak m.in.: sztuczna inteligencja, cyberbezpiecze\u0144stwo, rozw\u00f3j e-us\u0142ug publicznych oraz zarz\u0105dzanie projektami.<\/p>\n\n\n\n<h4 class=\"wp-block-heading\">Szczeg\u00f3\u0142y programu:<\/h4>\n\n\n\n<ul class=\"wp-block-list\">\n<li>sta\u017c trwa 2 lub 3 miesi\u0105ce,<\/li>\n\n\n\n<li>rozpocz\u0119cie sta\u017cu: od 1 czerwca lub p\u00f3\u017aniej,<\/li>\n\n\n\n<li>wynagrodzenie: 3000 z\u0142 brutto\/miesi\u0105c,<\/li>\n\n\n\n<li>godziny pracy: 80 godzin w miesi\u0105cu,<\/li>\n\n\n\n<li>wymagania: status studenta\/doktoranta lub dyplom uko\u0144czenia studi\u00f3w,<\/li>\n\n\n\n<li>ubezpieczenie NNW na czas realizacji sta\u017cu.<\/li>\n<\/ul>\n\n\n\n<h4 class=\"wp-block-heading\">Wa\u017cne:<\/h4>\n\n\n\n<ul class=\"wp-block-list\">\n<li>Ministerstwo nie pokrywa koszt\u00f3w przejazd\u00f3w, ubezpieczenia, utrzymania oraz zakwaterowania w czasie trwania sta\u017cu;<\/li>\n\n\n\n<li>sta\u017c odbywa si\u0119 stacjonarnie w siedzibie Ministerstwa Cyfryzacji oraz zdalnie (do 30% czasu pracy),<\/li>\n\n\n\n<li>do odbywania sta\u017cu Ministerstwo zaprasza r\u00f3wnie\u017c osoby z niepe\u0142nosprawno\u015bci\u0105.<\/li>\n<\/ul>\n\n\n\n<h4 class=\"wp-block-heading\">Co mo\u017cna zyska\u0107?<\/h4>\n\n\n\n<ul class=\"wp-block-list\">\n<li>bezpo\u015bredni kontakt z ekspertami i mo\u017cliwo\u015b\u0107 poznania Ministerstwa Cyfryzacji \u201eod kuchni\u201d,<\/li>\n\n\n\n<li>do\u015bwiadczenie zawodowe w administracji rz\u0105dowej,<\/li>\n\n\n\n<li>mo\u017cliwo\u015b\u0107 udzia\u0142u w szkoleniach,<\/li>\n\n\n\n<li>za\u015bwiadczenie z realizacji sta\u017cu.<\/li>\n<\/ul>\n\n\n\n<p>Szczeg\u00f3\u0142owe informacje o programie oraz aktualne og\u0142oszenia rekrutacyjne dost\u0119pne s\u0105 na stronie <a href=\"https:\/\/ministerstwocyfryzacji.pracujunas.pl\/\">https:\/\/ministerstwocyfryzacji.pracujunas.pl\/<\/a><\/p>\n","protected":false},"excerpt":{"rendered":"<p>Ministerstwo Cyfryzacji organizuje trzeci\u0105 edycj\u0119 programu sta\u017cowego \u201eMCsta\u017ce\u201d, skierowanego do student\u00f3w, absolwent\u00f3w oraz doktorant\u00f3w, kt\u00f3rzy nie uko\u0144czyli 30. roku \u017cycia. Celem programu jest umo\u017cliwienie m\u0142odym osobom zdobycia praktycznego do\u015bwiadczenia zawodowego w administracji publicznej oraz mi\u0119dzy innymi przy projektach zwi\u0105zanych z cyfryzacj\u0105 pa\u0144stwa, w tym w obszarach takich jak m.in.: sztuczna inteligencja, cyberbezpiecze\u0144stwo, rozw\u00f3j e-us\u0142ug publicznych [&hellip;]<\/p>\n","protected":false},"author":28,"featured_media":11673,"comment_status":"closed","ping_status":"open","sticky":false,"template":"","format":"standard","meta":{"_acf_changed":false,"inline_featured_image":false,"footnotes":"","_links_to":"","_links_to_target":""},"categories":[156],"tags":[],"class_list":["post-11672","post","type-post","status-publish","format-standard","has-post-thumbnail","hentry","category-wydarzenia"],"acf":[],"_links":{"self":[{"href":"https:\/\/bk.uksw.edu.pl\/pl\/wp-json\/wp\/v2\/posts\/11672","targetHints":{"allow":["GET"]}}],"collection":[{"href":"https:\/\/bk.uksw.edu.pl\/pl\/wp-json\/wp\/v2\/posts"}],"about":[{"href":"https:\/\/bk.uksw.edu.pl\/pl\/wp-json\/wp\/v2\/types\/post"}],"author":[{"embeddable":true,"href":"https:\/\/bk.uksw.edu.pl\/pl\/wp-json\/wp\/v2\/users\/28"}],"replies":[{"embeddable":true,"href":"https:\/\/bk.uksw.edu.pl\/pl\/wp-json\/wp\/v2\/comments?post=11672"}],"version-history":[{"count":1,"href":"https:\/\/bk.uksw.edu.pl\/pl\/wp-json\/wp\/v2\/posts\/11672\/revisions"}],"predecessor-version":[{"id":11674,"href":"https:\/\/bk.uksw.edu.pl\/pl\/wp-json\/wp\/v2\/posts\/11672\/revisions\/11674"}],"wp:featuredmedia":[{"embeddable":true,"href":"https:\/\/bk.uksw.edu.pl\/pl\/wp-json\/wp\/v2\/media\/11673"}],"wp:attachment":[{"href":"https:\/\/bk.uksw.edu.pl\/pl\/wp-json\/wp\/v2\/media?parent=11672"}],"wp:term":[{"taxonomy":"category","embeddable":true,"href":"https:\/\/bk.uksw.edu.pl\/pl\/wp-json\/wp\/v2\/categories?post=11672"},{"taxonomy":"post_tag","embeddable":true,"href":"https:\/\/bk.uksw.edu.pl\/pl\/wp-json\/wp\/v2\/tags?post=11672"}],"curies":[{"name":"wp","href":"https:\/\/api.w.org\/{rel}","templated":true}]}}