{"id":11667,"date":"2026-04-22T12:51:09","date_gmt":"2026-04-22T10:51:09","guid":{"rendered":"https:\/\/bk.uksw.edu.pl\/?p=11667"},"modified":"2026-04-22T14:28:48","modified_gmt":"2026-04-22T12:28:48","slug":"francuskojezyczne-targi-kariery","status":"publish","type":"post","link":"https:\/\/bk.uksw.edu.pl\/francuskojezyczne-targi-kariery\/","title":{"rendered":"Francuskoj\u0119zyczne Targi Kariery"},"content":{"rendered":"\n<p>Zapraszamy do udzia\u0142u we Francuskoj\u0119zycznych Targach Kariery, organizowanych przez Instytut Francuski w Polsce, Ambasad\u0119 Francji w Polsce, Instytut Romanistyki (Wydzia\u0142 Neofilologii Uniwersytetu Warszawskiego), Francusko-Polsk\u0105 Izb\u0119 Gospodarcz\u0105, Business France oraz ABSL \u2013 French Club. <\/p>\n\n\n\n<p>Targi b\u0119d\u0105 miejscem spotka\u0144 pracodawc\u00f3w i kandydat\u00f3w, a tak\u017ce okazj\u0105 do debaty o potrzebach rynku pracy i \u015bcie\u017ckach kariery dla os\u00f3b francuskoj\u0119zycznych. <\/p>\n\n\n\n<p>Targi odb\u0119d\u0105 si\u0119 we wtorek<strong> 5 maja 2026 w godz. 9.45 &#8211; 13.00 <\/strong>w Instytucie Romanistyki, Wydzia\u0142 Neofilologii Uniwersytetu Warszawskiego, ul. Dobra 55, 00-312, Warszawa (aula 0.410 i hall przed aul\u0105). <\/p>\n\n\n\n<p>Dlaczego warto wzi\u0105\u0107 udzia\u0142? <\/p>\n\n\n\n<ul class=\"wp-block-list\">\n<li>Bezpo\u015bredni dost\u0119p do pracodawc\u00f3w poszukuj\u0105cych kandydat\u00f3w z j\u0119zykiem francuskim;<\/li>\n\n\n\n<li>Precyzyjnie sprofilowane wydarzenie \u2013 tylko rekrutacje z francuskim; <\/li>\n\n\n\n<li>Mo\u017cliwo\u015b\u0107 poznania oczekiwa\u0144 pracodawc\u00f3w i zaplanowania dalszych krok\u00f3w w\u0142asnego rozwoju zawodowego.<\/li>\n<\/ul>\n\n\n\n<p><\/p>\n\n\n\n<p><a href=\"https:\/\/bk.uksw.edu.pl\/wp-content\/uploads\/sites\/17\/2026\/04\/Francuskojezyczne-Targi-Kariery_program.pdf\">PROGRAM WYDARZENIA<\/a><\/p>\n\n\n\n<p><\/p>\n\n\n\n<p>Ze wzgl\u0119d\u00f3w organizacyjnych, na sesj\u0119 plenarn\u0105 obowi\u0105zuj\u0105 wcze\u015bniejsze zapisy pod linkiem:&nbsp;<a href=\"https:\/\/eur02.safelinks.protection.outlook.com\/?url=https%3A%2F%2Fforms.gle%2FDcLPKobxRAJ1VtJX7&amp;data=05%7C02%7Cbiurokarier%40uksw.edu.pl%7C82a29e32633b4b6551ac08de9f80b86a%7C12578430c51b48168163c7281035b9b3%7C0%7C0%7C639123573194382397%7CUnknown%7CTWFpbGZsb3d8eyJFbXB0eU1hcGkiOnRydWUsIlYiOiIwLjAuMDAwMCIsIlAiOiJXaW4zMiIsIkFOIjoiTWFpbCIsIldUIjoyfQ%3D%3D%7C0%7C%7C%7C&amp;sdata=8GgAq6gMDfBHHsviIQJN6z0Ll54hfoDXBvl2E0GEJtA%3D&amp;reserved=0\" target=\"_blank\" rel=\"noreferrer noopener\">https:\/\/forms.gle\/DcLPKobxRAJ1VtJX7<\/a><\/p>\n\n\n\n<p><strong>Zapisy prowadzone s\u0105 do 27 kwietnia<\/strong> 2026r.<\/p>\n\n\n\n<figure class=\"wp-block-image size-full\"><img loading=\"lazy\" decoding=\"async\" width=\"768\" height=\"432\" src=\"https:\/\/bk.uksw.edu.pl\/wp-content\/uploads\/sites\/17\/2026\/04\/targi.png\" alt=\"\" class=\"wp-image-11668\" srcset=\"https:\/\/bk.uksw.edu.pl\/wp-content\/uploads\/sites\/17\/2026\/04\/targi.png 768w, https:\/\/bk.uksw.edu.pl\/wp-content\/uploads\/sites\/17\/2026\/04\/targi-300x169.png 300w\" sizes=\"auto, (max-width: 768px) 100vw, 768px\" \/><\/figure>\n","protected":false},"excerpt":{"rendered":"<p>Zapraszamy do udzia\u0142u we Francuskoj\u0119zycznych Targach Kariery, organizowanych przez Instytut Francuski w Polsce, Ambasad\u0119 Francji w Polsce, Instytut Romanistyki (Wydzia\u0142 Neofilologii Uniwersytetu Warszawskiego), Francusko-Polsk\u0105 Izb\u0119 Gospodarcz\u0105, Business France oraz ABSL \u2013 French Club. Targi b\u0119d\u0105 miejscem spotka\u0144 pracodawc\u00f3w i kandydat\u00f3w, a tak\u017ce okazj\u0105 do debaty o potrzebach rynku pracy i \u015bcie\u017ckach kariery dla os\u00f3b francuskoj\u0119zycznych. [&hellip;]<\/p>\n","protected":false},"author":28,"featured_media":11668,"comment_status":"closed","ping_status":"open","sticky":false,"template":"","format":"standard","meta":{"_acf_changed":false,"inline_featured_image":false,"footnotes":"","_links_to":"","_links_to_target":""},"categories":[156],"tags":[],"class_list":["post-11667","post","type-post","status-publish","format-standard","has-post-thumbnail","hentry","category-wydarzenia"],"acf":[],"_links":{"self":[{"href":"https:\/\/bk.uksw.edu.pl\/pl\/wp-json\/wp\/v2\/posts\/11667","targetHints":{"allow":["GET"]}}],"collection":[{"href":"https:\/\/bk.uksw.edu.pl\/pl\/wp-json\/wp\/v2\/posts"}],"about":[{"href":"https:\/\/bk.uksw.edu.pl\/pl\/wp-json\/wp\/v2\/types\/post"}],"author":[{"embeddable":true,"href":"https:\/\/bk.uksw.edu.pl\/pl\/wp-json\/wp\/v2\/users\/28"}],"replies":[{"embeddable":true,"href":"https:\/\/bk.uksw.edu.pl\/pl\/wp-json\/wp\/v2\/comments?post=11667"}],"version-history":[{"count":2,"href":"https:\/\/bk.uksw.edu.pl\/pl\/wp-json\/wp\/v2\/posts\/11667\/revisions"}],"predecessor-version":[{"id":11671,"href":"https:\/\/bk.uksw.edu.pl\/pl\/wp-json\/wp\/v2\/posts\/11667\/revisions\/11671"}],"wp:featuredmedia":[{"embeddable":true,"href":"https:\/\/bk.uksw.edu.pl\/pl\/wp-json\/wp\/v2\/media\/11668"}],"wp:attachment":[{"href":"https:\/\/bk.uksw.edu.pl\/pl\/wp-json\/wp\/v2\/media?parent=11667"}],"wp:term":[{"taxonomy":"category","embeddable":true,"href":"https:\/\/bk.uksw.edu.pl\/pl\/wp-json\/wp\/v2\/categories?post=11667"},{"taxonomy":"post_tag","embeddable":true,"href":"https:\/\/bk.uksw.edu.pl\/pl\/wp-json\/wp\/v2\/tags?post=11667"}],"curies":[{"name":"wp","href":"https:\/\/api.w.org\/{rel}","templated":true}]}}