{"id":11615,"date":"2026-04-01T13:22:03","date_gmt":"2026-04-01T11:22:03","guid":{"rendered":"https:\/\/bk.uksw.edu.pl\/?p=11615"},"modified":"2026-04-01T13:23:16","modified_gmt":"2026-04-01T11:23:16","slug":"program-praktyk-klimat-do-rozwoju","status":"publish","type":"post","link":"https:\/\/bk.uksw.edu.pl\/program-praktyk-klimat-do-rozwoju\/","title":{"rendered":"Program praktyk &#8222;Klimat do rozwoju&#8221;"},"content":{"rendered":"\n<p>Ministerstwo Klimatu i \u015arodowiska uruchomi\u0142o program p\u0142atnych praktyk \u201eKlimat do rozwoju&#8221; . Program pozwala zdoby\u0107 cenne do\u015bwiadczenie zawodowe wsp\u00f3\u0142pracuj\u0105c z ekspertami w dziedzinie klimatu i \u015brodowiska.<\/p>\n\n\n\n<p>Program oferuje<\/p>\n\n\n\n<ul class=\"wp-block-list\">\n<li>3 miesi\u0119czn\u0105 praktyk\u0119 w Warszawie w 14 r\u00f3\u017cnych biurach i departamentach<\/li>\n\n\n\n<li>wiedz\u0119 merytoryczn\u0105 i szkolenia<\/li>\n\n\n\n<li>projekty pokazuj\u0105ce zadania MKi\u015a<\/li>\n\n\n\n<li>5.000 brutto \/ miesi\u0105c<\/li>\n\n\n\n<li>wsparcie opiekuna<\/li>\n\n\n\n<li>dzie\u0144 p\u0142atnego urlopu za ka\u017cdy miesi\u0105c<\/li>\n\n\n\n<li>elastyczny czas pracy<\/li>\n<\/ul>\n\n\n\n<p><\/p>\n\n\n\n<h4 class=\"wp-block-heading\">HARMONOGRAM PROGRAMU: <\/h4>\n\n\n\n<ol class=\"wp-block-list\">\n<li>Publikacja ofert i nab\u00f3r (marzec-kwiecie\u0144 2026)<\/li>\n\n\n\n<li>Rekrutacja (27.04-29.05.2026)<\/li>\n\n\n\n<li>Pocz\u0105tek realizacji programu (1.06.2026)<\/li>\n\n\n\n<li>Zako\u0144czenie realizacji programu (30.11.2026)<\/li>\n<\/ol>\n\n\n\n<p>Na wybrane oferty mo\u017cna aplikowa\u0107 do 27 kwietnia 2026r. poprzez stron\u0119 <a href=\"https:\/\/www.gov.pl\/web\/klimat\/aplikuj-na-oferte\">https:\/\/www.gov.pl\/web\/klimat\/aplikuj-na-oferte<\/a><\/p>\n\n\n\n<p><\/p>\n\n\n\n<p>W razie pyta\u0144 z ministerstwem mo\u017cna si\u0119 kontaktowa\u0107 drog\u0105 mejlow\u0105: kariera@klimat.gov.pl<\/p>\n\n\n\n<h2 class=\"wp-block-heading\"><\/h2>\n","protected":false},"excerpt":{"rendered":"<p>Ministerstwo Klimatu i \u015arodowiska uruchomi\u0142o program p\u0142atnych praktyk \u201eKlimat do rozwoju&#8221; . Program pozwala zdoby\u0107 cenne do\u015bwiadczenie zawodowe wsp\u00f3\u0142pracuj\u0105c z ekspertami w dziedzinie klimatu i \u015brodowiska. Program oferuje HARMONOGRAM PROGRAMU: Na wybrane oferty mo\u017cna aplikowa\u0107 do 27 kwietnia 2026r. poprzez stron\u0119 https:\/\/www.gov.pl\/web\/klimat\/aplikuj-na-oferte W razie pyta\u0144 z ministerstwem mo\u017cna si\u0119 kontaktowa\u0107 drog\u0105 mejlow\u0105: kariera@klimat.gov.pl<\/p>\n","protected":false},"author":28,"featured_media":11616,"comment_status":"closed","ping_status":"open","sticky":false,"template":"","format":"standard","meta":{"_acf_changed":false,"inline_featured_image":false,"footnotes":"","_links_to":"","_links_to_target":""},"categories":[156],"tags":[],"class_list":["post-11615","post","type-post","status-publish","format-standard","has-post-thumbnail","hentry","category-wydarzenia"],"acf":[],"_links":{"self":[{"href":"https:\/\/bk.uksw.edu.pl\/pl\/wp-json\/wp\/v2\/posts\/11615","targetHints":{"allow":["GET"]}}],"collection":[{"href":"https:\/\/bk.uksw.edu.pl\/pl\/wp-json\/wp\/v2\/posts"}],"about":[{"href":"https:\/\/bk.uksw.edu.pl\/pl\/wp-json\/wp\/v2\/types\/post"}],"author":[{"embeddable":true,"href":"https:\/\/bk.uksw.edu.pl\/pl\/wp-json\/wp\/v2\/users\/28"}],"replies":[{"embeddable":true,"href":"https:\/\/bk.uksw.edu.pl\/pl\/wp-json\/wp\/v2\/comments?post=11615"}],"version-history":[{"count":2,"href":"https:\/\/bk.uksw.edu.pl\/pl\/wp-json\/wp\/v2\/posts\/11615\/revisions"}],"predecessor-version":[{"id":11618,"href":"https:\/\/bk.uksw.edu.pl\/pl\/wp-json\/wp\/v2\/posts\/11615\/revisions\/11618"}],"wp:featuredmedia":[{"embeddable":true,"href":"https:\/\/bk.uksw.edu.pl\/pl\/wp-json\/wp\/v2\/media\/11616"}],"wp:attachment":[{"href":"https:\/\/bk.uksw.edu.pl\/pl\/wp-json\/wp\/v2\/media?parent=11615"}],"wp:term":[{"taxonomy":"category","embeddable":true,"href":"https:\/\/bk.uksw.edu.pl\/pl\/wp-json\/wp\/v2\/categories?post=11615"},{"taxonomy":"post_tag","embeddable":true,"href":"https:\/\/bk.uksw.edu.pl\/pl\/wp-json\/wp\/v2\/tags?post=11615"}],"curies":[{"name":"wp","href":"https:\/\/api.w.org\/{rel}","templated":true}]}}