{"id":11501,"date":"2026-03-03T11:18:31","date_gmt":"2026-03-03T10:18:31","guid":{"rendered":"https:\/\/bk.uksw.edu.pl\/?p=11501"},"modified":"2026-03-03T13:06:08","modified_gmt":"2026-03-03T12:06:08","slug":"nabor-na-ambasadorow-karier-ue-na-uksw","status":"publish","type":"post","link":"https:\/\/bk.uksw.edu.pl\/nabor-na-ambasadorow-karier-ue-na-uksw\/","title":{"rendered":"Nab\u00f3r na Ambasador\u00f3w Karier UE na UKSW"},"content":{"rendered":"\n<p><\/p>\n\n\n\n<p>Biuro Karier Uniwersytetu Kardyna\u0142a Stefana Wyszy\u0144skiego w\u00a0Warszawie, serdecznie zaprasza student\u00f3w pragn\u0105cych zdoby\u0107 cenne, mi\u0119dzynarodowe do\u015bwiadczenie, do\u00a0udzia\u0142u w\u00a0rekrutacji do\u00a0programu, kt\u00f3ry koordynujemy &#8211;\u00a0<strong>\u201eAmbasadorowie Karier UE\u201d<\/strong>, realizowanego przez\u00a0Europejski Urz\u0105d Doboru Kadr (EPSO) oraz\u00a0Ministerstwo Spraw Zagranicznych.<\/p>\n\n\n\n<h4 class=\"wp-block-heading\">KORZY\u015aCI Z UDZIA\u0141U W PROGRAMIE<\/h4>\n\n\n\n<ul class=\"wp-block-list\">\n<li>mo\u017cliwo\u015b\u0107 poznania perspektyw rozwoju w strukturach unijnych<\/li>\n\n\n\n<li>szansa na wsp\u00f3\u0142prac\u0119 z instytucjami europejskimi<\/li>\n\n\n\n<li>zdobycie do\u015bwiadczenia w mi\u0119dzynarodowym \u015brodowisku<\/li>\n\n\n\n<li>idealna okazja do nawi\u0105zania relacji z&nbsp;innymi ambasadorami z&nbsp;Polski i&nbsp;zagranicy<\/li>\n\n\n\n<li>mo\u017cliwo\u015b\u0107 rozwini\u0119cia kompetencji mi\u0119kkich i organizacyjnych<\/li>\n<\/ul>\n\n\n\n<h4 class=\"wp-block-heading\">JAKIE ZADANIA CZEKAJA NA AMBASADORA?<\/h4>\n\n\n\n<ul class=\"wp-block-list\">\n<li>aktywna promocja mo\u017cliwo\u015bci kariery w instytucjach UE w\u015br\u00f3d w\u015br\u00f3d student\u00f3w z UKSW<\/li>\n\n\n\n<li>organizacja wydarze\u0144 promuj\u0105cych program Eu Careers w \u015brodowisku akademickim <\/li>\n\n\n\n<li>budowanie sieci kontakt\u00f3w z ambasadorami z ca\u0142ej Europy<\/li>\n<\/ul>\n\n\n\n<h4 class=\"wp-block-heading\">KRYTERIA FORMALNE<\/h4>\n\n\n\n<ol class=\"wp-block-list\">\n<li>Obywatelstwo polskie<\/li>\n\n\n\n<li>Status aktywnego studenta\/ki UKSW w kolejnym roku akademickim (pa\u017adziernik 2026 &#8211; wrzesie\u0144 2027)<\/li>\n\n\n\n<li>Dobra znajomo\u015b\u0107 j\u0119zyka angielskiego (poziom B2)<\/li>\n<\/ol>\n\n\n\n<h4 class=\"wp-block-heading\">PROCES APLIKACJI<\/h4>\n\n\n\n<p>Osoby zainteresowane proszone s\u0105 o przes\u0142anie nast\u0119puj\u0105cych dokument\u00f3w:&nbsp;<\/p>\n\n\n\n<p>1) <strong>CV w j\u0119zyku polskim w formacie pdf wg wzoru&nbsp;<em>Europass<\/em><\/strong>&nbsp;(<a href=\"https:\/\/europass.europa.eu\/pl\/create-europass-cv\">wi\u0119cej informacji<\/a>)<\/p>\n\n\n\n<p>2) <strong>kr\u00f3tkiego uzasadnienia<\/strong> napisanego przez kandydata &#8211; dlaczego zdecydowa\u0142 si\u0119 na pe\u0142nienie funkcji ambasadora w <strong>formacie pdf<\/strong><\/p>\n\n\n\n<p>3) <strong>skanu podpisanej klauzuli informacyjnej RODO<\/strong> (<a href=\"https:\/\/bk.uksw.edu.pl\/wp-content\/uploads\/sites\/17\/2026\/03\/Klauzula-informacyjna-RODO_Ambasadorzy-Karier_2026-2027.pdf\">w za\u0142\u0105czeniu<\/a>)<\/p>\n\n\n\n<p>na&nbsp;adres&nbsp;<strong><em>biurokarier@uksw.edu.pl<\/em><\/strong>&nbsp;w&nbsp;temacie wiadomo\u015bci wpisuj\u0105c \u201dAmbasador Karier\u201d do 10 marca do godziny 23:59.<\/p>\n\n\n\n<p><\/p>\n\n\n\n<p>Wi\u0119cej informacji o programie mo\u017cna znale\u017a\u0107 na stronie <a href=\"https:\/\/eu-careers.europa.eu\/pl\/eu-careers\/eu_careers_student_ambassadors#tab-1\">Studenci-ambasadorowie \u201eEU Careers<\/a><br><\/p>\n\n\n\n<p>Zapraszamy do aplikowania!<\/p>\n","protected":false},"excerpt":{"rendered":"<p>Biuro Karier Uniwersytetu Kardyna\u0142a Stefana Wyszy\u0144skiego w\u00a0Warszawie, serdecznie zaprasza student\u00f3w pragn\u0105cych zdoby\u0107 cenne, mi\u0119dzynarodowe do\u015bwiadczenie, do\u00a0udzia\u0142u w\u00a0rekrutacji do\u00a0programu, kt\u00f3ry koordynujemy &#8211;\u00a0\u201eAmbasadorowie Karier UE\u201d, realizowanego przez\u00a0Europejski Urz\u0105d Doboru Kadr (EPSO) oraz\u00a0Ministerstwo Spraw Zagranicznych. KORZY\u015aCI Z UDZIA\u0141U W PROGRAMIE JAKIE ZADANIA CZEKAJA NA AMBASADORA? KRYTERIA FORMALNE PROCES APLIKACJI Osoby zainteresowane proszone s\u0105 o przes\u0142anie nast\u0119puj\u0105cych dokument\u00f3w:&nbsp; 1) [&hellip;]<\/p>\n","protected":false},"author":28,"featured_media":11502,"comment_status":"closed","ping_status":"open","sticky":false,"template":"","format":"standard","meta":{"_acf_changed":false,"inline_featured_image":false,"footnotes":"","_links_to":"","_links_to_target":""},"categories":[1],"tags":[],"class_list":["post-11501","post","type-post","status-publish","format-standard","has-post-thumbnail","hentry","category-aktualnosci-biura-karier"],"acf":[],"_links":{"self":[{"href":"https:\/\/bk.uksw.edu.pl\/pl\/wp-json\/wp\/v2\/posts\/11501","targetHints":{"allow":["GET"]}}],"collection":[{"href":"https:\/\/bk.uksw.edu.pl\/pl\/wp-json\/wp\/v2\/posts"}],"about":[{"href":"https:\/\/bk.uksw.edu.pl\/pl\/wp-json\/wp\/v2\/types\/post"}],"author":[{"embeddable":true,"href":"https:\/\/bk.uksw.edu.pl\/pl\/wp-json\/wp\/v2\/users\/28"}],"replies":[{"embeddable":true,"href":"https:\/\/bk.uksw.edu.pl\/pl\/wp-json\/wp\/v2\/comments?post=11501"}],"version-history":[{"count":4,"href":"https:\/\/bk.uksw.edu.pl\/pl\/wp-json\/wp\/v2\/posts\/11501\/revisions"}],"predecessor-version":[{"id":11514,"href":"https:\/\/bk.uksw.edu.pl\/pl\/wp-json\/wp\/v2\/posts\/11501\/revisions\/11514"}],"wp:featuredmedia":[{"embeddable":true,"href":"https:\/\/bk.uksw.edu.pl\/pl\/wp-json\/wp\/v2\/media\/11502"}],"wp:attachment":[{"href":"https:\/\/bk.uksw.edu.pl\/pl\/wp-json\/wp\/v2\/media?parent=11501"}],"wp:term":[{"taxonomy":"category","embeddable":true,"href":"https:\/\/bk.uksw.edu.pl\/pl\/wp-json\/wp\/v2\/categories?post=11501"},{"taxonomy":"post_tag","embeddable":true,"href":"https:\/\/bk.uksw.edu.pl\/pl\/wp-json\/wp\/v2\/tags?post=11501"}],"curies":[{"name":"wp","href":"https:\/\/api.w.org\/{rel}","templated":true}]}}