{"id":11444,"date":"2026-02-23T10:19:14","date_gmt":"2026-02-23T09:19:14","guid":{"rendered":"https:\/\/bk.uksw.edu.pl\/?p=11444"},"modified":"2026-02-16T10:37:32","modified_gmt":"2026-02-16T09:37:32","slug":"targi-pracy-od-pracuj-pl","status":"publish","type":"post","link":"https:\/\/bk.uksw.edu.pl\/targi-pracy-od-pracuj-pl\/","title":{"rendered":"Targi pracy od Pracuj.pl"},"content":{"rendered":"\n<p>Festiwal Pracuj.pl to bezp\u0142atne wydarzenie stworzone z my\u015bl\u0105 o studentach, absolwentach i m\u0142odych specjalistach r\u00f3\u017cnych bran\u017c zawodowych, kt\u00f3rzy chc\u0105 po\u0142\u0105czy\u0107 praktyczne poszukiwania pracy z rozwojem osobistym.<\/p>\n\n\n\n<p>Wydarzenie odb\u0119dzie si\u0119 10 marca br. (wtorek) w godzinach 9:30-16:00 w hali EXPO XXI w Warszawie. <\/p>\n\n\n\n<p>Podczas Festiwalu uczestnicy b\u0119d\u0105 mieli mo\u017cliwo\u015b\u0107:<\/p>\n\n\n\n<ul class=\"wp-block-list\">\n<li>spotka\u0107 si\u0119 z pracodawcami i aplikowa\u0107 na aktualne oferty pracy, <\/li>\n\n\n\n<li>udzia\u0142u w inspiruj\u0105cych wyk\u0142adach i prelekcjach prowadzonych przez do\u015bwiadczonych pracodawc\u00f3w oraz ekspert\u00f3w rynku pracy w strefie Jobtalk,<\/li>\n\n\n\n<li>skorzysta\u0107 z bezp\u0142atnej konsultacji swojego CV z ekspert i ekspertkami Pracuj.pl w strefie CV BOOST oraz u wybranych pracodawc\u00f3w przy ich stoiskach,<\/li>\n\n\n\n<li>wykona\u0107 profesjonalne zdj\u0119cie do CV i profilu zawodowego.<\/li>\n<\/ul>\n\n\n\n<p><\/p>\n\n\n\n<p>Pe\u0142ny harmonogram wydarzenia znajduje si\u0119 na stronie <a href=\"https:\/\/jobicon.pracuj.pl\/warszawa\/\">https:\/\/jobicon.pracuj.pl\/warszawa\/<\/a>, gdzie mo\u017cna tak\u017ce pobra\u0107 bezp\u0142atny bilet wst\u0119pu. <\/p>\n","protected":false},"excerpt":{"rendered":"<p>Festiwal Pracuj.pl to bezp\u0142atne wydarzenie stworzone z my\u015bl\u0105 o studentach, absolwentach i m\u0142odych specjalistach r\u00f3\u017cnych bran\u017c zawodowych, kt\u00f3rzy chc\u0105 po\u0142\u0105czy\u0107 praktyczne poszukiwania pracy z rozwojem osobistym. Wydarzenie odb\u0119dzie si\u0119 10 marca br. (wtorek) w godzinach 9:30-16:00 w hali EXPO XXI w Warszawie. Podczas Festiwalu uczestnicy b\u0119d\u0105 mieli mo\u017cliwo\u015b\u0107: Pe\u0142ny harmonogram wydarzenia znajduje si\u0119 na stronie [&hellip;]<\/p>\n","protected":false},"author":28,"featured_media":11445,"comment_status":"closed","ping_status":"open","sticky":false,"template":"","format":"standard","meta":{"_acf_changed":false,"inline_featured_image":false,"footnotes":"","_links_to":"","_links_to_target":""},"categories":[156],"tags":[],"class_list":["post-11444","post","type-post","status-publish","format-standard","has-post-thumbnail","hentry","category-wydarzenia"],"acf":[],"_links":{"self":[{"href":"https:\/\/bk.uksw.edu.pl\/pl\/wp-json\/wp\/v2\/posts\/11444","targetHints":{"allow":["GET"]}}],"collection":[{"href":"https:\/\/bk.uksw.edu.pl\/pl\/wp-json\/wp\/v2\/posts"}],"about":[{"href":"https:\/\/bk.uksw.edu.pl\/pl\/wp-json\/wp\/v2\/types\/post"}],"author":[{"embeddable":true,"href":"https:\/\/bk.uksw.edu.pl\/pl\/wp-json\/wp\/v2\/users\/28"}],"replies":[{"embeddable":true,"href":"https:\/\/bk.uksw.edu.pl\/pl\/wp-json\/wp\/v2\/comments?post=11444"}],"version-history":[{"count":1,"href":"https:\/\/bk.uksw.edu.pl\/pl\/wp-json\/wp\/v2\/posts\/11444\/revisions"}],"predecessor-version":[{"id":11446,"href":"https:\/\/bk.uksw.edu.pl\/pl\/wp-json\/wp\/v2\/posts\/11444\/revisions\/11446"}],"wp:featuredmedia":[{"embeddable":true,"href":"https:\/\/bk.uksw.edu.pl\/pl\/wp-json\/wp\/v2\/media\/11445"}],"wp:attachment":[{"href":"https:\/\/bk.uksw.edu.pl\/pl\/wp-json\/wp\/v2\/media?parent=11444"}],"wp:term":[{"taxonomy":"category","embeddable":true,"href":"https:\/\/bk.uksw.edu.pl\/pl\/wp-json\/wp\/v2\/categories?post=11444"},{"taxonomy":"post_tag","embeddable":true,"href":"https:\/\/bk.uksw.edu.pl\/pl\/wp-json\/wp\/v2\/tags?post=11444"}],"curies":[{"name":"wp","href":"https:\/\/api.w.org\/{rel}","templated":true}]}}