{"id":11253,"date":"2025-12-09T12:30:14","date_gmt":"2025-12-09T11:30:14","guid":{"rendered":"https:\/\/bk.uksw.edu.pl\/?p=11253"},"modified":"2025-12-17T14:46:15","modified_gmt":"2025-12-17T13:46:15","slug":"spotkanie-z-absolwentem-uksw-dr-bartoszem-rydlinskim","status":"publish","type":"post","link":"https:\/\/bk.uksw.edu.pl\/spotkanie-z-absolwentem-uksw-dr-bartoszem-rydlinskim\/","title":{"rendered":"Spotkanie z dr. Bartoszem Rydli\u0144skim &#8211; Absolwentem UKSW"},"content":{"rendered":"\n<p>16 grudnia Biuro Karier UKSW, w Partnerstwie z Instytutem Nauk o Polityce i Administracji oraz Ko\u0142em Naukowym Bada\u0144 nad Europ\u0105, zaprasza na spotkanie z dr. Bartoszem Rydli\u0144skim \u2013 doktorem nauk spo\u0142ecznych, ekspertem dzia\u0142aj\u0105cym na styku nauki, think-tank\u00f3w i \u015brodowisk mi\u0119dzynarodowych.<\/p>\n\n\n\n<p>Wydarzenie odb\u0119dzie si\u0119 w ramach cyklu \u201eSpotkania z Absolwentami UKSW\u201d, organizowanego przez nasze biuro.<\/p>\n\n\n\n<p><em>\u201e\u015acie\u017cki przysz\u0142o\u015bci: perspektywy, decyzje, inspiracje\u201d<br><\/em><strong>Termin:<\/strong> 16 grudnia, godz. 13:15\u201314:45<br><strong>Miejsce:<\/strong> Kampus W\u00f3ycickiego, bud. 21 \u2013 Auditorium Maximum, hol (przy kawiarni)<\/p>\n\n\n\n<p><strong>Podczas spotkania uczestnicy b\u0119d\u0105 mogli:<\/strong><\/p>\n\n\n\n<ul class=\"wp-block-list\">\n<li>spojrze\u0107 na rozw\u00f3j zawodowy i akademicki z szerszej, globalnej perspektywy,<\/li>\n\n\n\n<li>dowiedzie\u0107 si\u0119, jakie kompetencje staj\u0105 si\u0119 kluczowe na wsp\u00f3\u0142czesnym rynku pracy,<\/li>\n\n\n\n<li>us\u0142ysze\u0107 o pracy w \u015brodowisku mi\u0119dzynarodowym i procesach, kt\u00f3re je kszta\u0142tuj\u0105,<\/li>\n\n\n\n<li>lepiej zrozumie\u0107, jak podejmowa\u0107 decyzje wp\u0142ywaj\u0105ce na dalsz\u0105 karier\u0119,<\/li>\n\n\n\n<li>zada\u0107 pytania i uzyska\u0107 konkretne wskaz\u00f3wki.<\/li>\n<\/ul>\n\n\n\n<p>Spotkanie skierowane jest do os\u00f3b poszukuj\u0105cych inspiracji, kierunku rozwoju lub konkretnych wskaz\u00f3wek dotycz\u0105cych planowania \u015bcie\u017cki zawodowej.<\/p>\n\n\n\n<p><\/p>\n\n\n\n<p><\/p>\n","protected":false},"excerpt":{"rendered":"<p>16 grudnia Biuro Karier UKSW, w Partnerstwie z Instytutem Nauk o Polityce i Administracji oraz Ko\u0142em Naukowym Bada\u0144 nad Europ\u0105, zaprasza na spotkanie z dr. Bartoszem Rydli\u0144skim \u2013 doktorem nauk spo\u0142ecznych, ekspertem dzia\u0142aj\u0105cym na styku nauki, think-tank\u00f3w i \u015brodowisk mi\u0119dzynarodowych. Wydarzenie odb\u0119dzie si\u0119 w ramach cyklu \u201eSpotkania z Absolwentami UKSW\u201d, organizowanego przez nasze biuro. \u201e\u015acie\u017cki [&hellip;]<\/p>\n","protected":false},"author":593,"featured_media":11267,"comment_status":"closed","ping_status":"closed","sticky":false,"template":"","format":"standard","meta":{"_acf_changed":false,"inline_featured_image":false,"footnotes":"","_links_to":"","_links_to_target":""},"categories":[1],"tags":[13,17,103,104,112,129,220,255,257,258],"class_list":["post-11253","post","type-post","status-publish","format-standard","has-post-thumbnail","hentry","category-aktualnosci-biura-karier","tag-uksw","tag-absolwenci","tag-ai","tag-konferencja","tag-rozwoj","tag-szkolenie","tag-studenci","tag-rydlinski","tag-miedzynarodowe","tag-procesy"],"acf":[],"_links":{"self":[{"href":"https:\/\/bk.uksw.edu.pl\/pl\/wp-json\/wp\/v2\/posts\/11253","targetHints":{"allow":["GET"]}}],"collection":[{"href":"https:\/\/bk.uksw.edu.pl\/pl\/wp-json\/wp\/v2\/posts"}],"about":[{"href":"https:\/\/bk.uksw.edu.pl\/pl\/wp-json\/wp\/v2\/types\/post"}],"author":[{"embeddable":true,"href":"https:\/\/bk.uksw.edu.pl\/pl\/wp-json\/wp\/v2\/users\/593"}],"replies":[{"embeddable":true,"href":"https:\/\/bk.uksw.edu.pl\/pl\/wp-json\/wp\/v2\/comments?post=11253"}],"version-history":[{"count":10,"href":"https:\/\/bk.uksw.edu.pl\/pl\/wp-json\/wp\/v2\/posts\/11253\/revisions"}],"predecessor-version":[{"id":11283,"href":"https:\/\/bk.uksw.edu.pl\/pl\/wp-json\/wp\/v2\/posts\/11253\/revisions\/11283"}],"wp:featuredmedia":[{"embeddable":true,"href":"https:\/\/bk.uksw.edu.pl\/pl\/wp-json\/wp\/v2\/media\/11267"}],"wp:attachment":[{"href":"https:\/\/bk.uksw.edu.pl\/pl\/wp-json\/wp\/v2\/media?parent=11253"}],"wp:term":[{"taxonomy":"category","embeddable":true,"href":"https:\/\/bk.uksw.edu.pl\/pl\/wp-json\/wp\/v2\/categories?post=11253"},{"taxonomy":"post_tag","embeddable":true,"href":"https:\/\/bk.uksw.edu.pl\/pl\/wp-json\/wp\/v2\/tags?post=11253"}],"curies":[{"name":"wp","href":"https:\/\/api.w.org\/{rel}","templated":true}]}}