{"id":10414,"date":"2025-04-11T08:08:50","date_gmt":"2025-04-11T06:08:50","guid":{"rendered":"https:\/\/bk.uksw.edu.pl\/?p=10414"},"modified":"2025-04-11T08:08:52","modified_gmt":"2025-04-11T06:08:52","slug":"x-edycja-programu-praktyk-letnich","status":"publish","type":"post","link":"https:\/\/bk.uksw.edu.pl\/x-edycja-programu-praktyk-letnich\/","title":{"rendered":"X edycja programu praktyk letnich"},"content":{"rendered":"\n<p>Ministerstwo Funduszy i Polityki Regionalnej zaprasza student\u00f3w zainteresowanych zdobyciem pierwszego do\u015bwiadczenia zawodowego, do aplikowania na p\u0142atne praktyki letnie, kt\u00f3re s\u0105 realizowane w ramach programu \u201czaFUNDuj sobie przysz\u0142o\u015b\u0107\u201d. Praktyki umo\u017cliwiaj\u0105 poznanie specyfiki pracy w nowoczesnej administracji publicznej, w organizacji wytyczaj\u0105cej kierunki rozwoju Polski na najbli\u017csze lata.<\/p>\n\n\n\n<p><\/p>\n\n\n\n<p><strong>Na student\u00f3w czekaj\u0105:<\/strong><\/p>\n\n\n\n<ul class=\"wp-block-list\">\n<li>p\u0142atne praktyki wakacyjne w ramach umowy zlecenia&nbsp;(do 4422,50 z\u0142&nbsp;miesi\u0119cznie)<\/li>\n\n\n\n<li>2-3 miesi\u0105ce intensywnej nauki pod okiem do\u015bwiadczonych specjalist\u00f3w<\/li>\n\n\n\n<li>szkolenia wst\u0119pne i welcome pack<\/li>\n\n\n\n<li>wsparcie opiekuna, koleg\u00f3w, kole\u017canek i prze\u0142o\u017conych<\/li>\n\n\n\n<li>praktyki realizowane b\u0119d\u0105 w trybie hybrydowym lub stacjonarnym<\/li>\n\n\n\n<li>dost\u0119pny budynek w doskona\u0142ej lokalizacji oraz udogodnienia dla rowerzyst\u00f3w<\/li>\n\n\n\n<li>ruchomy system czasu pracy: rozpocz\u0119cie pracy w godz. 7.00-10.00<\/li>\n\n\n\n<li>\u015bwietna atmosfera i ciekawe projekty<\/li>\n<\/ul>\n\n\n\n<p><\/p>\n\n\n\n<p><strong>Jak wygl\u0105da rekrutacja?<\/strong><\/p>\n\n\n\n<ol class=\"wp-block-list\">\n<li>Zapoznanie si\u0119 z ofert\u0119 program\u00f3w praktyk \u201ezaFUNDuj sobie przysz\u0142o\u015b\u0107\u201d i regulaminem programu &#8211; <a href=\"https:\/\/www.gov.pl\/web\/fundusze-regiony\/info-o-aktualnej-edycji-zafunduj\">KLIKNIJ TUTAJ&nbsp;<\/a> &nbsp;<\/li>\n\n\n\n<li>Wyb\u00f3r kilka najbardziej interesuj\u0105cych program\u00f3w. &nbsp;<\/li>\n\n\n\n<li>Wype\u0142nienie formularza aplikacyjnego znajduj\u0105cego si\u0119 w ka\u017cdym programie.<\/li>\n<\/ol>\n\n\n\n<p>Aplikowa\u0107 mo\u017cna do 5 maja br. w\u0142\u0105cznie.<\/p>\n\n\n\n<p>Szczeg\u00f3\u0142y znajduj\u0105 si\u0119 w za\u0142\u0105czonym <a href=\"https:\/\/bk.uksw.edu.pl\/wp-content\/uploads\/sites\/17\/2025\/04\/Zafuduj.pdf\">folderze<\/a> b\u0105d\u017a na <a href=\"https:\/\/www.gov.pl\/web\/fundusze-regiony\/info-o-aktualnej-edycji-zafunduj\">stronie.<\/a><\/p>\n","protected":false},"excerpt":{"rendered":"<p>Ministerstwo Funduszy i Polityki Regionalnej zaprasza student\u00f3w zainteresowanych zdobyciem pierwszego do\u015bwiadczenia zawodowego, do aplikowania na p\u0142atne praktyki letnie, kt\u00f3re s\u0105 realizowane w ramach programu \u201czaFUNDuj sobie przysz\u0142o\u015b\u0107\u201d. Praktyki umo\u017cliwiaj\u0105 poznanie specyfiki pracy w nowoczesnej administracji publicznej, w organizacji wytyczaj\u0105cej kierunki rozwoju Polski na najbli\u017csze lata. Na student\u00f3w czekaj\u0105: Jak wygl\u0105da rekrutacja? Aplikowa\u0107 mo\u017cna do 5 [&hellip;]<\/p>\n","protected":false},"author":28,"featured_media":10416,"comment_status":"closed","ping_status":"open","sticky":false,"template":"","format":"standard","meta":{"_acf_changed":false,"inline_featured_image":false,"footnotes":"","_links_to":"","_links_to_target":""},"categories":[156],"tags":[],"class_list":["post-10414","post","type-post","status-publish","format-standard","has-post-thumbnail","hentry","category-wydarzenia"],"acf":[],"_links":{"self":[{"href":"https:\/\/bk.uksw.edu.pl\/pl\/wp-json\/wp\/v2\/posts\/10414","targetHints":{"allow":["GET"]}}],"collection":[{"href":"https:\/\/bk.uksw.edu.pl\/pl\/wp-json\/wp\/v2\/posts"}],"about":[{"href":"https:\/\/bk.uksw.edu.pl\/pl\/wp-json\/wp\/v2\/types\/post"}],"author":[{"embeddable":true,"href":"https:\/\/bk.uksw.edu.pl\/pl\/wp-json\/wp\/v2\/users\/28"}],"replies":[{"embeddable":true,"href":"https:\/\/bk.uksw.edu.pl\/pl\/wp-json\/wp\/v2\/comments?post=10414"}],"version-history":[{"count":3,"href":"https:\/\/bk.uksw.edu.pl\/pl\/wp-json\/wp\/v2\/posts\/10414\/revisions"}],"predecessor-version":[{"id":10419,"href":"https:\/\/bk.uksw.edu.pl\/pl\/wp-json\/wp\/v2\/posts\/10414\/revisions\/10419"}],"wp:featuredmedia":[{"embeddable":true,"href":"https:\/\/bk.uksw.edu.pl\/pl\/wp-json\/wp\/v2\/media\/10416"}],"wp:attachment":[{"href":"https:\/\/bk.uksw.edu.pl\/pl\/wp-json\/wp\/v2\/media?parent=10414"}],"wp:term":[{"taxonomy":"category","embeddable":true,"href":"https:\/\/bk.uksw.edu.pl\/pl\/wp-json\/wp\/v2\/categories?post=10414"},{"taxonomy":"post_tag","embeddable":true,"href":"https:\/\/bk.uksw.edu.pl\/pl\/wp-json\/wp\/v2\/tags?post=10414"}],"curies":[{"name":"wp","href":"https:\/\/api.w.org\/{rel}","templated":true}]}}