{"id":10219,"date":"2025-03-21T13:59:39","date_gmt":"2025-03-21T12:59:39","guid":{"rendered":"https:\/\/bk.uksw.edu.pl\/?p=10219"},"modified":"2025-03-24T10:45:51","modified_gmt":"2025-03-24T09:45:51","slug":"wizyta-studyjna-w-kprm","status":"publish","type":"post","link":"https:\/\/bk.uksw.edu.pl\/wizyta-studyjna-w-kprm\/","title":{"rendered":"Wizyta studyjna w KPRM"},"content":{"rendered":"\n<p>Student\u00f3w zainteresowanych prac\u0105 w s\u0142u\u017cbie cywilnej, a tak\u017ce procesem przygotowania do stania si\u0119 urz\u0119dnikiem s\u0142u\u017cby cywilnej, serdecznie zapraszam na wizyt\u0119 studyjn\u0105 do siedziby Kancelarii Prezesa Rady Ministr\u00f3w, kt\u00f3ra zosta\u0142a zaplanowania na dzie\u0144 14 kwietnia (poniedzia\u0142ek) br. w godzinach 10:30-15:00.<\/p>\n\n\n\n<p><em>PLAN WIZYTY<\/em><\/p>\n\n\n\n<p>10:30-11:00 <strong>Weryfikacja to\u017csamo\u015bci<\/strong> (biuro przepustek)<\/p>\n\n\n\n<p>11:00-11:40&nbsp;<strong>S\u0142u\u017cba cywilna w&nbsp;Polsce \u2013 podstawowe informacje<\/strong><\/p>\n\n\n\n<p>Prowadz\u0105cy: Jacek Niewiarowski, radca<br>Wydzia\u0142 Komunikacji i&nbsp;Organizacji, Departament S\u0142u\u017cby Cywilnej KPRM<\/p>\n\n\n\n<p>11:40-12:20&nbsp;<strong>Rekrutacja w&nbsp;s\u0142u\u017cbie cywilnej<\/strong><\/p>\n\n\n\n<p>Prowadz\u0105cy: Katarzyna Maliszewska, radca<br>Wydzia\u0142 Kadr S\u0142u\u017cby Cywilnej, Departament S\u0142u\u017cby Cywilnej KPRM<\/p>\n\n\n\n<p>12:20-13:00&nbsp;<strong>Work-life balance w&nbsp;s\u0142u\u017cbie cywilnej<\/strong><\/p>\n\n\n\n<p>Prowadz\u0105cy: Jacek Paw\u0142owski, radca<br>Wydzia\u0142 Systemu i&nbsp;Narz\u0119dzi Zarz\u0105dzania, Departament S\u0142u\u017cby Cywilnej KPRM<\/p>\n\n\n\n<p><\/p>\n\n\n\n<p>13;00-13:10 <strong>Przerwa<\/strong><\/p>\n\n\n\n<p>13:10-13:50&nbsp;<strong>Oferta kszta\u0142cenia w&nbsp;Krajowej Szkole Administracji Publicznej im.&nbsp;Prezydenta RP&nbsp;Lecha Kaczy\u0144skiego<\/strong><\/p>\n\n\n\n<p>Prowadz\u0105cy: Jakub Tyc, Micha\u0142 Maci\u0105g<br>O\u015brodek Kszta\u0142cenia S\u0142uchaczy, Krajowa Szko\u0142a Administracji Publicznej<\/p>\n\n\n\n<p><\/p>\n\n\n\n<p>14:00-15:00  <strong>Historia KPRM &#8211; wycieczka&nbsp; z przewodnikiem po reprezentacyjnych pomieszczeniach Kancelarii Prezesa Rady Ministr\u00f3w<\/strong><\/p>\n\n\n\n<p>Osoby zainteresowane proszone s\u0105 o zg\u0142oszenia do 1 kwietnia br. poprzez <a href=\"https:\/\/forms.office.com\/Pages\/ResponsePage.aspx?id=MIRXEhvFFkiBY8coEDW5s0LsK4QCr3VKhZz_8HTQWe1UNjg5RFgxOFdNVUVBWFdCQzIzSVBIVjJZVi4u\">FORMULARZ<\/a><\/p>\n","protected":false},"excerpt":{"rendered":"<p>Student\u00f3w zainteresowanych prac\u0105 w s\u0142u\u017cbie cywilnej, a tak\u017ce procesem przygotowania do stania si\u0119 urz\u0119dnikiem s\u0142u\u017cby cywilnej, serdecznie zapraszam na wizyt\u0119 studyjn\u0105 do siedziby Kancelarii Prezesa Rady Ministr\u00f3w, kt\u00f3ra zosta\u0142a zaplanowania na dzie\u0144 14 kwietnia (poniedzia\u0142ek) br. w godzinach 10:30-15:00. PLAN WIZYTY 10:30-11:00 Weryfikacja to\u017csamo\u015bci (biuro przepustek) 11:00-11:40&nbsp;S\u0142u\u017cba cywilna w&nbsp;Polsce \u2013 podstawowe informacje Prowadz\u0105cy: Jacek Niewiarowski, [&hellip;]<\/p>\n","protected":false},"author":28,"featured_media":10221,"comment_status":"closed","ping_status":"open","sticky":false,"template":"","format":"standard","meta":{"_acf_changed":false,"inline_featured_image":false,"footnotes":"","_links_to":"","_links_to_target":""},"categories":[1],"tags":[],"class_list":["post-10219","post","type-post","status-publish","format-standard","has-post-thumbnail","hentry","category-aktualnosci-biura-karier"],"acf":[],"_links":{"self":[{"href":"https:\/\/bk.uksw.edu.pl\/pl\/wp-json\/wp\/v2\/posts\/10219","targetHints":{"allow":["GET"]}}],"collection":[{"href":"https:\/\/bk.uksw.edu.pl\/pl\/wp-json\/wp\/v2\/posts"}],"about":[{"href":"https:\/\/bk.uksw.edu.pl\/pl\/wp-json\/wp\/v2\/types\/post"}],"author":[{"embeddable":true,"href":"https:\/\/bk.uksw.edu.pl\/pl\/wp-json\/wp\/v2\/users\/28"}],"replies":[{"embeddable":true,"href":"https:\/\/bk.uksw.edu.pl\/pl\/wp-json\/wp\/v2\/comments?post=10219"}],"version-history":[{"count":5,"href":"https:\/\/bk.uksw.edu.pl\/pl\/wp-json\/wp\/v2\/posts\/10219\/revisions"}],"predecessor-version":[{"id":10228,"href":"https:\/\/bk.uksw.edu.pl\/pl\/wp-json\/wp\/v2\/posts\/10219\/revisions\/10228"}],"wp:featuredmedia":[{"embeddable":true,"href":"https:\/\/bk.uksw.edu.pl\/pl\/wp-json\/wp\/v2\/media\/10221"}],"wp:attachment":[{"href":"https:\/\/bk.uksw.edu.pl\/pl\/wp-json\/wp\/v2\/media?parent=10219"}],"wp:term":[{"taxonomy":"category","embeddable":true,"href":"https:\/\/bk.uksw.edu.pl\/pl\/wp-json\/wp\/v2\/categories?post=10219"},{"taxonomy":"post_tag","embeddable":true,"href":"https:\/\/bk.uksw.edu.pl\/pl\/wp-json\/wp\/v2\/tags?post=10219"}],"curies":[{"name":"wp","href":"https:\/\/api.w.org\/{rel}","templated":true}]}}