{"id":10074,"date":"2025-02-13T12:04:32","date_gmt":"2025-02-13T11:04:32","guid":{"rendered":"https:\/\/bk.uksw.edu.pl\/?p=10074"},"modified":"2025-02-13T18:33:14","modified_gmt":"2025-02-13T17:33:14","slug":"zimowa-akademia-rozwoju-z-biurem-karier-2-edycja","status":"publish","type":"post","link":"https:\/\/bk.uksw.edu.pl\/zimowa-akademia-rozwoju-z-biurem-karier-2-edycja\/","title":{"rendered":"Zimowa Akademia Rozwoju z Biurem Karier &#8211; 2 edycja"},"content":{"rendered":"\n<p>Zapraszamy wszystkich student\u00f3w i absolwent\u00f3w na <strong>drug\u0105 edycj\u0119 Zimowej Akademii Rozwoju z Biurem Karier<\/strong> <strong>UKSW.<\/strong><\/p>\n\n\n\n<p>To wyj\u0105tkowa okazja, aby zdoby\u0107 praktyczn\u0105 wiedz\u0119 i umiej\u0119tno\u015bci, kt\u00f3re pomog\u0105 Wam wej\u015b\u0107 na rynek pracy i \u015bwiadomie budowa\u0107 swoj\u0105 karier\u0119.<\/p>\n\n\n\n<p>W ramach Akademii odb\u0119d\u0105 si\u0119 <strong>trzy praktyczne warsztaty<\/strong>, prowadzone przez ekspert\u00f3w z r\u00f3\u017cnych bran\u017c. Podczas spotka\u0144 b\u0119dzie mo\u017cna zg\u0142\u0119bi\u0107 tajniki procesu rekrutacyjnego, dowiedzie\u0107 si\u0119, jak przygotowa\u0107 si\u0119 do rozmowy rekrutacyjnej oraz pozna\u0107 swoje prawa w pracy.<\/p>\n\n\n\n<p>Mo\u017cna wybra\u0107 wszystkie warsztaty lub zapisa\u0107 si\u0119 tylko na wybrane. <\/p>\n\n\n\n<p><strong>PROGRAM AKADEMII<\/strong><\/p>\n\n\n\n<p><span style=\"text-decoration: underline\"><strong>6 MARCA<\/strong> (czwartek), godz. 18:00 \u2013 20:00, online na MS Teams<\/span><\/p>\n\n\n\n<p><strong> \u201eTriki w Excelu, kt\u00f3re zrobi\u0105 wra\u017cenie na rekruterze\u201d<\/strong><\/p>\n\n\n\n<p><em>Prowadz\u0105cy:<\/em> Bart\u0142omiej Samel &#8211; pasjonat i praktyk Excela, PowerBI i SQLa. Od 5 lat zajmuje si\u0119 szkoleniem i pomoc\u0105 we wdro\u017ceniach narz\u0119dzi z obszaru data w przedsi\u0119biorstwach. W\u0142a\u015bciciel firmy <strong>Ogarnij Kom\u00f3rki<\/strong>.<\/p>\n\n\n\n<p>Na warsztatach dowiesz si\u0119:<\/p>\n\n\n\n<ul class=\"wp-block-list\">\n<li>Jakie zadania z Excela pojawiaj\u0105 si\u0119 na rozmowach kwalifikacyjnych?<\/li>\n\n\n\n<li>Jakie wskaz\u00f3wki i triki mo\u017cna stosowa\u0107, by szybko i efektywnie rozwi\u0105zywa\u0107 takie zadania?<\/li>\n\n\n\n<li>Jak wywo\u0142a\u0107 efekt &#8222;wow&#8221; na rekruterze rozwi\u0105zuj\u0105c bezproblemowo zadania w Excelu?<\/li>\n<\/ul>\n\n\n\n<p><\/p>\n\n\n\n<p><span style=\"text-decoration: underline\"><strong>13 MARCA<\/strong> (czwartek), godz. 18:00 \u2013 20:00, online na MS Teams<\/span><\/p>\n\n\n\n<p><strong>\u201e<strong>Kodeks pracy w pigu\u0142ce \u2013 warsztaty dla przysz\u0142ych i obecnych pracownik\u00f3w<\/strong>\u201d<\/strong><br><\/p>\n\n\n\n<p><em>Prowadz\u0105ca:<\/em> Ewelina D\u0119bowska &#8211; absolwentka Wydzia\u0142u Mechanicznego Politechniki Szczeci\u0144skiej na kierunku Materia\u0142y i Procesy Polimerowe oraz Studi\u00f3w Podyplomowych na kierunku BHP. Od 17 lat zatrudniona jako nadinspektor pracy w <strong>Pa\u0144stwowej Inspekcji Pracy<\/strong>.<\/p>\n\n\n\n<p>Na warsztatach dowiesz si\u0119:<\/p>\n\n\n\n<ul class=\"wp-block-list\">\n<li>Jakie s\u0105 podstawowe przepisy dotycz\u0105ce prawa pracy?<\/li>\n\n\n\n<li>Jak wa\u017cne s\u0105 zasady bezpiecze\u0144stwa i higieny pracy?<\/li>\n\n\n\n<li>Zdarzy\u0142 si\u0119 wypadek przy pracy \u2013 co wtedy robi\u0107?<\/li>\n<\/ul>\n\n\n\n<p><\/p>\n\n\n\n<p><span style=\"text-decoration: underline\"><strong>20<\/strong> <strong><strong>MARCA<\/strong> <\/strong> (czwartek), godz. 18:00 \u2013 20:00, online na MS Teams<\/span><\/p>\n\n\n\n<p><strong> \u201eRekrutacja krok po kroku \u2013 od aplikacji do zatrudnienia\u201d<\/strong><br><\/p>\n\n\n\n<p><em>Prowadz\u0105cy: <\/em>Rados\u0142aw Gruszczyk &#8211; specjalista ds. rekrutacji i wizerunku pracodawcy, od 3 lat zatrudniony  z firmie <strong>LOTTE Wedel Sp. z.o.o.<\/strong><\/p>\n\n\n\n<p>Na warsztatach dowiesz si\u0119:<\/p>\n\n\n\n<ul class=\"wp-block-list\">\n<li>Jak stworzy\u0107 skuteczne dokumenty aplikacyjne?<\/li>\n\n\n\n<li>Jak przebiega proces rekrutacyjny z perspektywy pracodawcy?<\/li>\n\n\n\n<li>Jak dobrze wypa\u015b\u0107 na rozmowie kwalifikacyjnej i zwi\u0119kszy\u0107 swoje szanse na zatrudnienie?<\/li>\n<\/ul>\n\n\n\n<p><\/p>\n\n\n\n<p>A oto 3 powody dlaczego warto wzi\u0105\u0107 udzia\u0142 w Akademii:<\/p>\n\n\n\n<ol class=\"wp-block-list\">\n<li><strong>Przygotowanie do rynku pracy<\/strong> \u2013 zdob\u0119dziesz praktyczn\u0105 wiedz\u0119, kt\u00f3ra zwi\u0119kszy Twoje szanse na zatrudnienie.<\/li>\n\n\n\n<li><strong>Bezpo\u015bredni kontakt z ekspertami<\/strong> \u2013 mo\u017cliwo\u015b\u0107 zadawania pyta\u0144 ekspertom i rozwiania w\u0105tpliwo\u015bci dotycz\u0105cych kariery.<\/li>\n\n\n\n<li><strong>Certyfikat uczestnictwa<\/strong> \u2013 warto\u015bciowy wpis do CV potwierdzaj\u0105cy Twoje zaanga\u017cowanie w rozw\u00f3j zawodowy.<\/li>\n<\/ol>\n\n\n\n<p>Je\u015bli to Ci\u0119 jeszcze nie przekona\u0142o, przeczytaj, jak uczestnicy poprzednich edycji Akademii oceniali wydarzenie:<\/p>\n\n\n\n<p>\u201eBardzo wygodna forma spotka\u0144 i warsztat\u00f3w- dzi\u0119ki formie online mo\u017cna uczestniczy\u0107 z dowolnego miejsca\u201d \u2013 napisa\u0142a <strong>Katarzyna, studentka kierunku lekarskiego.<\/strong><\/p>\n\n\n\n<p>\u201eDu\u017ca ilo\u015b\u0107 wiedzy, wspaniali wyk\u0142adowcy, kt\u00f3rzy ch\u0119tnie dzielili si\u0119 swoj\u0105 wiedz\u0105 i odpowiadali na pytania uczestnik\u00f3w\u201d \u2013 podsumowa\u0142a <strong>\u017baneta, absolwentka kierunku nauki o rodzinie.<\/strong><\/p>\n\n\n\n<p>\u201eCiekawa inicjatywa dokszta\u0142caj\u0105ca. Prowadz\u0105cy byli bardzo otwarci, a atmosfera na zaj\u0119ciach bardzo przyjazna\u201d relacjonowa\u0142a <strong>Magdalena, doktorantka literaturoznawstwa.<\/strong><br><br><strong>Zapisy <\/strong>do Akademii przyjmujemy do pi\u0105tku 28 lutego do godziny 12:00 poprzez formularz dost\u0119pny pod <a href=\"https:\/\/forms.office.com\/pages\/responsepage.aspx?id=MIRXEhvFFkiBY8coEDW5s_giW1HiKAtHgREpJRqmNe9UNEpaRzNLWUQ2UU5ZSzZWUE9DMTFPNTVZMy4u&amp;route=shorturl\">LINKIEM.<\/a><\/p>\n\n\n\n<p><\/p>\n\n\n\n<p>Zapisy do&nbsp;Akademii oznaczaj\u0105 <span style=\"text-decoration: underline\">zapoznanie si\u0119 oraz&nbsp;akceptacj\u0119<\/span> <a href=\"https:\/\/drive.google.com\/file\/d\/11AhpGJFqql4yVyZ1-r8xRkeWiKj-42dK\/view?usp=sharing\">REGULAMINU AKADEMII<\/a><\/p>\n\n\n\n<p><strong>Liczba miejsc na Akademi\u0119 jest ograniczona \u2013 zapisz si\u0119 ju\u017c dzi\u015b!<\/strong><\/p>\n\n\n\n<p><strong>Udzia\u0142 w wydarzeniu jest bezp\u0142atny!<\/strong><\/p>\n\n\n\n<figure class=\"wp-block-image size-large\"><img loading=\"lazy\" decoding=\"async\" width=\"1024\" height=\"682\" src=\"https:\/\/bk.uksw.edu.pl\/wp-content\/uploads\/sites\/17\/2025\/02\/ZIMOWA-AKADEMIA_Obszar-roboczy-1-1-1024x682.png\" alt=\"\" class=\"wp-image-10083\" srcset=\"https:\/\/bk.uksw.edu.pl\/wp-content\/uploads\/sites\/17\/2025\/02\/ZIMOWA-AKADEMIA_Obszar-roboczy-1-1-1024x682.png 1024w, https:\/\/bk.uksw.edu.pl\/wp-content\/uploads\/sites\/17\/2025\/02\/ZIMOWA-AKADEMIA_Obszar-roboczy-1-1-300x200.png 300w, https:\/\/bk.uksw.edu.pl\/wp-content\/uploads\/sites\/17\/2025\/02\/ZIMOWA-AKADEMIA_Obszar-roboczy-1-1-768x512.png 768w, https:\/\/bk.uksw.edu.pl\/wp-content\/uploads\/sites\/17\/2025\/02\/ZIMOWA-AKADEMIA_Obszar-roboczy-1-1-251x168.png 251w, https:\/\/bk.uksw.edu.pl\/wp-content\/uploads\/sites\/17\/2025\/02\/ZIMOWA-AKADEMIA_Obszar-roboczy-1-1-343x229.png 343w, https:\/\/bk.uksw.edu.pl\/wp-content\/uploads\/sites\/17\/2025\/02\/ZIMOWA-AKADEMIA_Obszar-roboczy-1-1-526x351.png 526w, https:\/\/bk.uksw.edu.pl\/wp-content\/uploads\/sites\/17\/2025\/02\/ZIMOWA-AKADEMIA_Obszar-roboczy-1-1-423x283.png 423w, https:\/\/bk.uksw.edu.pl\/wp-content\/uploads\/sites\/17\/2025\/02\/ZIMOWA-AKADEMIA_Obszar-roboczy-1-1.png 1171w\" sizes=\"auto, (max-width: 1024px) 100vw, 1024px\" \/><\/figure>\n\n\n\n<p><\/p>\n","protected":false},"excerpt":{"rendered":"<p>Zapraszamy wszystkich student\u00f3w i absolwent\u00f3w na drug\u0105 edycj\u0119 Zimowej Akademii Rozwoju z Biurem Karier UKSW. To wyj\u0105tkowa okazja, aby zdoby\u0107 praktyczn\u0105 wiedz\u0119 i umiej\u0119tno\u015bci, kt\u00f3re pomog\u0105 Wam wej\u015b\u0107 na rynek pracy i \u015bwiadomie budowa\u0107 swoj\u0105 karier\u0119. W ramach Akademii odb\u0119d\u0105 si\u0119 trzy praktyczne warsztaty, prowadzone przez ekspert\u00f3w z r\u00f3\u017cnych bran\u017c. Podczas spotka\u0144 b\u0119dzie mo\u017cna zg\u0142\u0119bi\u0107 [&hellip;]<\/p>\n","protected":false},"author":28,"featured_media":10082,"comment_status":"closed","ping_status":"open","sticky":false,"template":"","format":"standard","meta":{"_acf_changed":false,"inline_featured_image":false,"footnotes":"","_links_to":"","_links_to_target":""},"categories":[1],"tags":[],"class_list":["post-10074","post","type-post","status-publish","format-standard","has-post-thumbnail","hentry","category-aktualnosci-biura-karier"],"acf":[],"_links":{"self":[{"href":"https:\/\/bk.uksw.edu.pl\/pl\/wp-json\/wp\/v2\/posts\/10074","targetHints":{"allow":["GET"]}}],"collection":[{"href":"https:\/\/bk.uksw.edu.pl\/pl\/wp-json\/wp\/v2\/posts"}],"about":[{"href":"https:\/\/bk.uksw.edu.pl\/pl\/wp-json\/wp\/v2\/types\/post"}],"author":[{"embeddable":true,"href":"https:\/\/bk.uksw.edu.pl\/pl\/wp-json\/wp\/v2\/users\/28"}],"replies":[{"embeddable":true,"href":"https:\/\/bk.uksw.edu.pl\/pl\/wp-json\/wp\/v2\/comments?post=10074"}],"version-history":[{"count":9,"href":"https:\/\/bk.uksw.edu.pl\/pl\/wp-json\/wp\/v2\/posts\/10074\/revisions"}],"predecessor-version":[{"id":10096,"href":"https:\/\/bk.uksw.edu.pl\/pl\/wp-json\/wp\/v2\/posts\/10074\/revisions\/10096"}],"wp:featuredmedia":[{"embeddable":true,"href":"https:\/\/bk.uksw.edu.pl\/pl\/wp-json\/wp\/v2\/media\/10082"}],"wp:attachment":[{"href":"https:\/\/bk.uksw.edu.pl\/pl\/wp-json\/wp\/v2\/media?parent=10074"}],"wp:term":[{"taxonomy":"category","embeddable":true,"href":"https:\/\/bk.uksw.edu.pl\/pl\/wp-json\/wp\/v2\/categories?post=10074"},{"taxonomy":"post_tag","embeddable":true,"href":"https:\/\/bk.uksw.edu.pl\/pl\/wp-json\/wp\/v2\/tags?post=10074"}],"curies":[{"name":"wp","href":"https:\/\/api.w.org\/{rel}","templated":true}]}}